{"id":106876,"date":"2022-05-11T10:05:51","date_gmt":"2022-05-11T13:05:51","guid":{"rendered":"https:\/\/eldiariodesanpedro.com.ar\/sitio\/?p=106876"},"modified":"2022-05-11T10:05:54","modified_gmt":"2022-05-11T13:05:54","slug":"en-desacuerdo-con-las-medidas-de-la-policia-se-para-todo-el-futbol-de-san-pedro","status":"publish","type":"post","link":"https:\/\/eldiariodesanpedro.com.ar\/sitio\/en-desacuerdo-con-las-medidas-de-la-policia-se-para-todo-el-futbol-de-san-pedro\/","title":{"rendered":"En desacuerdo con las medidas de la Polic\u00eda se para todo el f\u00fatbol de San Pedro"},"content":{"rendered":"<!-- VideographyWP Plugin Message: Automatic video embedding prevented by plugin options. -->\n\n<p>En un caso con pocos precedentes y disgustados por las exigencias de la Jefatura Comunal de Polic\u00eda los dirigentes de los clubes resolvieron parar el f\u00fatbol. Las instituciones no est\u00e1n en condiciones de abonar los operativos que la polic\u00eda solicit\u00f3 para la pr\u00f3xima fecha y solo reclaman \u00absentido com\u00fan\u00bb. El fin de semana miles de chicos no tendr\u00e1n actividad.<\/p>\n\n\n\n<p>En una medida pocas veces vista en la ciudad los dirigentes de los clubes afiliados a la Liga Deportiva Sampedrina resolvieron parar por completo la fecha del f\u00fatbol local en todas sus categor\u00edas, Mayores, Inferiores y Femenino.<\/p>\n\n\n\n<p>La misma tiene que con las exigencias expuestas por las autoridades policiales y los operativos a desarrollar en la pr\u00f3xima fecha que deb\u00eda jugarse el fin de semana.<\/p>\n\n\n\n<p>Los clubes se solidarizaron con quienes deb\u00edan hacerle frente a los operativos exigidos por la fuerza cuyos montos son imposibles de abonar.<\/p>\n\n\n\n<p>En el ojo de la tormenta qued\u00f3 el Comisario Germ\u00e1n Pahuasi debido a que la medida se da a pocas semanas de su asunci\u00f3n.<\/p>\n\n\n\n<p>El pedido efectuado por la polic\u00eda indica que hay partidos que se deb\u00edan jugar el s\u00e1bado o el domingo con un promedio de 6 y 12 polic\u00edas, sin siquiera tener en cuenta el tipo de partidos y quienes los disputan.<\/p>\n\n\n\n<p>Sin bien el n\u00famero de funcionarios exigido est\u00e1 dentro de los par\u00e1metros ministeriales, en el f\u00fatbol chacarero, como se le dice en el interior, los recursos con que cuentan los clubes son totalmente distinto y resulta inalcanzable, y ven\u00eda siendo muy com\u00fan aplicar el \u00absentido com\u00fan\u00bb y amoldarse a la econom\u00eda de las instituciones, algo que claramente, con el cambio en la Jefatura ya no sucede.<\/p>\n","protected":false},"excerpt":{"rendered":"<p>En un caso con pocos precedentes y disgustados por las exigencias de la Jefatura Comunal de Polic\u00eda los dirigentes de los clubes resolvieron parar el f\u00fatbol. Las instituciones no est\u00e1n en condiciones de abonar los operativos que la polic\u00eda solicit\u00f3 para la pr\u00f3xima fecha y solo reclaman \u00absentido com\u00fan\u00bb. El fin de semana miles de [&hellip;]<\/p>\n","protected":false},"author":4,"featured_media":106877,"comment_status":"closed","ping_status":"closed","sticky":false,"template":"","format":"standard","meta":{"om_disable_all_campaigns":false,"_jetpack_memberships_contains_paid_content":false,"footnotes":""},"categories":[50,101,2],"tags":[197,696,33,19],"class_list":["post-106876","post","type-post","status-publish","format-standard","has-post-thumbnail","hentry","category-destacadas","category-interes-general-locales","category-locales","tag-buenos-aires","tag-interes-general","tag-locales","tag-san-pedro"],"aioseo_notices":[],"gutentor_comment":0,"jetpack_featured_media_url":"https:\/\/eldiariodesanpedro.com.ar\/sitio\/wp-content\/uploads\/2022\/05\/0000020883-resized-1920x1080-1.jpg","jetpack_shortlink":"https:\/\/wp.me\/p6RhLt-rNO","jetpack_sharing_enabled":true,"_links":{"self":[{"href":"https:\/\/eldiariodesanpedro.com.ar\/sitio\/wp-json\/wp\/v2\/posts\/106876","targetHints":{"allow":["GET"]}}],"collection":[{"href":"https:\/\/eldiariodesanpedro.com.ar\/sitio\/wp-json\/wp\/v2\/posts"}],"about":[{"href":"https:\/\/eldiariodesanpedro.com.ar\/sitio\/wp-json\/wp\/v2\/types\/post"}],"author":[{"embeddable":true,"href":"https:\/\/eldiariodesanpedro.com.ar\/sitio\/wp-json\/wp\/v2\/users\/4"}],"replies":[{"embeddable":true,"href":"https:\/\/eldiariodesanpedro.com.ar\/sitio\/wp-json\/wp\/v2\/comments?post=106876"}],"version-history":[{"count":1,"href":"https:\/\/eldiariodesanpedro.com.ar\/sitio\/wp-json\/wp\/v2\/posts\/106876\/revisions"}],"predecessor-version":[{"id":106878,"href":"https:\/\/eldiariodesanpedro.com.ar\/sitio\/wp-json\/wp\/v2\/posts\/106876\/revisions\/106878"}],"wp:featuredmedia":[{"embeddable":true,"href":"https:\/\/eldiariodesanpedro.com.ar\/sitio\/wp-json\/wp\/v2\/media\/106877"}],"wp:attachment":[{"href":"https:\/\/eldiariodesanpedro.com.ar\/sitio\/wp-json\/wp\/v2\/media?parent=106876"}],"wp:term":[{"taxonomy":"category","embeddable":true,"href":"https:\/\/eldiariodesanpedro.com.ar\/sitio\/wp-json\/wp\/v2\/categories?post=106876"},{"taxonomy":"post_tag","embeddable":true,"href":"https:\/\/eldiariodesanpedro.com.ar\/sitio\/wp-json\/wp\/v2\/tags?post=106876"}],"curies":[{"name":"wp","href":"https:\/\/api.w.org\/{rel}","templated":true}]}}