{"id":106865,"date":"2022-05-10T20:37:07","date_gmt":"2022-05-10T23:37:07","guid":{"rendered":"https:\/\/eldiariodesanpedro.com.ar\/sitio\/?p=106865"},"modified":"2022-05-10T20:37:08","modified_gmt":"2022-05-10T23:37:08","slug":"avanzan-los-tramites-para-las-primeras-etapas-de-pavimentacion-con-el-fondo-de-infraestructura-municipal","status":"publish","type":"post","link":"https:\/\/eldiariodesanpedro.com.ar\/sitio\/avanzan-los-tramites-para-las-primeras-etapas-de-pavimentacion-con-el-fondo-de-infraestructura-municipal\/","title":{"rendered":"Avanzan los tr\u00e1mites para las primeras etapas de pavimentaci\u00f3n con el Fondo de Infraestructura Municipal"},"content":{"rendered":"<!-- VideographyWP Plugin Message: Automatic video embedding prevented by plugin options. -->\n\n<p>El Partido de San Pedro se encuentra comprendido dentro del plan de obras financiadas a trav\u00e9s del Fondo de Infraestructura Municipal del Gobierno de la Provincia de Buenos Aires.<\/p>\n\n\n\n<p>Las primeras tres etapas que comprenden 58 cuadras, ser\u00e1n licitadas en breve de acuerdo a la informaci\u00f3n compartida en una reuni\u00f3n de la que participaron esta ma\u00f1ana el Intendente, Dr. Ram\u00f3n Salazar y el Secretario de Obras, Dr. Javier Silva.<\/p>\n\n\n\n<p>Mediante el Fondo de Infraestructura Municipal se licitar\u00e1 la pavimentaci\u00f3n de 24 cuadras en el cuadrante de Avenida Sarmiento, San Mart\u00edn, Avenida 3 de Febrero y Nuestra Se\u00f1ora del Socorro, 23 cuadras en Ituzaing\u00f3 y Miguel Porta dese Quiroga a Almirante Brown, Fray Cayetano Rodr\u00edguez desde Combate de Obligado hasta Sargento Selada, dos cuadras por Combate de Obligado entre Quiroga y Fray Cayetano Rodr\u00edguez y 11 cuadras en R\u00edo Tala incluyendo la calle Luis Sandrini en su totalidad, Celestino Cisi, frente a la Estaci\u00f3n de Ferrocarril.<\/p>\n\n\n\n<p>El Gobernador Axel Kicillof y el Ministro de Infraestructura de la Provincia Leo Nardini brindaron hoy detalles del avance del programa a trav\u00e9s de una videoconferencia con intendentes y funcionarios de diferentes distritos del interior bonaerense.<\/p>\n\n\n\n<p>Desde el gobierno municipal contin\u00faan adem\u00e1s otras gestiones para continuar con la ejecuci\u00f3n de obras en la ciudad y en las localidades.<\/p>\n\n\n\n<figure class=\"wp-block-image size-full\"><img decoding=\"async\" width=\"715\" height=\"524\" data-attachment-id=\"106867\" data-permalink=\"https:\/\/eldiariodesanpedro.com.ar\/sitio\/avanzan-los-tramites-para-las-primeras-etapas-de-pavimentacion-con-el-fondo-de-infraestructura-municipal\/whatsapp-image-2022-05-10-at-6-47-37-pm-1\/\" data-orig-file=\"https:\/\/eldiariodesanpedro.com.ar\/sitio\/wp-content\/uploads\/2022\/05\/WhatsApp-Image-2022-05-10-at-6.47.37-PM-1.jpeg\" data-orig-size=\"715,524\" data-comments-opened=\"0\" data-image-meta=\"{&quot;aperture&quot;:&quot;0&quot;,&quot;credit&quot;:&quot;&quot;,&quot;camera&quot;:&quot;&quot;,&quot;caption&quot;:&quot;&quot;,&quot;created_timestamp&quot;:&quot;0&quot;,&quot;copyright&quot;:&quot;&quot;,&quot;focal_length&quot;:&quot;0&quot;,&quot;iso&quot;:&quot;0&quot;,&quot;shutter_speed&quot;:&quot;0&quot;,&quot;title&quot;:&quot;&quot;,&quot;orientation&quot;:&quot;0&quot;}\" data-image-title=\"WhatsApp Image 2022-05-10 at 6.47.37 PM (1)\" data-image-description=\"\" data-image-caption=\"\" data-large-file=\"https:\/\/eldiariodesanpedro.com.ar\/sitio\/wp-content\/uploads\/2022\/05\/WhatsApp-Image-2022-05-10-at-6.47.37-PM-1.jpeg\" data-src=\"https:\/\/eldiariodesanpedro.com.ar\/sitio\/wp-content\/uploads\/2022\/05\/WhatsApp-Image-2022-05-10-at-6.47.37-PM-1.jpeg\" alt=\"\" class=\"wp-image-106867 lazyload\" data-srcset=\"https:\/\/eldiariodesanpedro.com.ar\/sitio\/wp-content\/uploads\/2022\/05\/WhatsApp-Image-2022-05-10-at-6.47.37-PM-1.jpeg 715w, https:\/\/eldiariodesanpedro.com.ar\/sitio\/wp-content\/uploads\/2022\/05\/WhatsApp-Image-2022-05-10-at-6.47.37-PM-1-300x220.jpeg 300w\" data-sizes=\"(max-width: 715px) 100vw, 715px\" src=\"data:image\/svg+xml;base64,PHN2ZyB3aWR0aD0iMSIgaGVpZ2h0PSIxIiB4bWxucz0iaHR0cDovL3d3dy53My5vcmcvMjAwMC9zdmciPjwvc3ZnPg==\" style=\"--smush-placeholder-width: 715px; --smush-placeholder-aspect-ratio: 715\/524;\" \/><\/figure>\n\n\n\n<figure class=\"wp-block-image size-full\"><img decoding=\"async\" width=\"655\" height=\"504\" data-attachment-id=\"106868\" data-permalink=\"https:\/\/eldiariodesanpedro.com.ar\/sitio\/avanzan-los-tramites-para-las-primeras-etapas-de-pavimentacion-con-el-fondo-de-infraestructura-municipal\/whatsapp-image-2022-05-10-at-6-47-37-pm\/\" data-orig-file=\"https:\/\/eldiariodesanpedro.com.ar\/sitio\/wp-content\/uploads\/2022\/05\/WhatsApp-Image-2022-05-10-at-6.47.37-PM.jpeg\" data-orig-size=\"655,504\" data-comments-opened=\"0\" data-image-meta=\"{&quot;aperture&quot;:&quot;0&quot;,&quot;credit&quot;:&quot;&quot;,&quot;camera&quot;:&quot;&quot;,&quot;caption&quot;:&quot;&quot;,&quot;created_timestamp&quot;:&quot;0&quot;,&quot;copyright&quot;:&quot;&quot;,&quot;focal_length&quot;:&quot;0&quot;,&quot;iso&quot;:&quot;0&quot;,&quot;shutter_speed&quot;:&quot;0&quot;,&quot;title&quot;:&quot;&quot;,&quot;orientation&quot;:&quot;0&quot;}\" data-image-title=\"WhatsApp Image 2022-05-10 at 6.47.37 PM\" data-image-description=\"\" data-image-caption=\"\" data-large-file=\"https:\/\/eldiariodesanpedro.com.ar\/sitio\/wp-content\/uploads\/2022\/05\/WhatsApp-Image-2022-05-10-at-6.47.37-PM.jpeg\" data-src=\"https:\/\/eldiariodesanpedro.com.ar\/sitio\/wp-content\/uploads\/2022\/05\/WhatsApp-Image-2022-05-10-at-6.47.37-PM.jpeg\" alt=\"\" class=\"wp-image-106868 lazyload\" data-srcset=\"https:\/\/eldiariodesanpedro.com.ar\/sitio\/wp-content\/uploads\/2022\/05\/WhatsApp-Image-2022-05-10-at-6.47.37-PM.jpeg 655w, https:\/\/eldiariodesanpedro.com.ar\/sitio\/wp-content\/uploads\/2022\/05\/WhatsApp-Image-2022-05-10-at-6.47.37-PM-300x231.jpeg 300w\" data-sizes=\"(max-width: 655px) 100vw, 655px\" src=\"data:image\/svg+xml;base64,PHN2ZyB3aWR0aD0iMSIgaGVpZ2h0PSIxIiB4bWxucz0iaHR0cDovL3d3dy53My5vcmcvMjAwMC9zdmciPjwvc3ZnPg==\" style=\"--smush-placeholder-width: 655px; --smush-placeholder-aspect-ratio: 655\/504;\" \/><\/figure>\n\n\n\n<figure class=\"wp-block-image size-full\"><img decoding=\"async\" width=\"851\" height=\"516\" data-attachment-id=\"106869\" data-permalink=\"https:\/\/eldiariodesanpedro.com.ar\/sitio\/avanzan-los-tramites-para-las-primeras-etapas-de-pavimentacion-con-el-fondo-de-infraestructura-municipal\/whatsapp-image-2022-05-10-at-6-47-38-pm\/\" data-orig-file=\"https:\/\/eldiariodesanpedro.com.ar\/sitio\/wp-content\/uploads\/2022\/05\/WhatsApp-Image-2022-05-10-at-6.47.38-PM.jpeg\" data-orig-size=\"851,516\" data-comments-opened=\"0\" data-image-meta=\"{&quot;aperture&quot;:&quot;0&quot;,&quot;credit&quot;:&quot;&quot;,&quot;camera&quot;:&quot;&quot;,&quot;caption&quot;:&quot;&quot;,&quot;created_timestamp&quot;:&quot;0&quot;,&quot;copyright&quot;:&quot;&quot;,&quot;focal_length&quot;:&quot;0&quot;,&quot;iso&quot;:&quot;0&quot;,&quot;shutter_speed&quot;:&quot;0&quot;,&quot;title&quot;:&quot;&quot;,&quot;orientation&quot;:&quot;0&quot;}\" data-image-title=\"WhatsApp Image 2022-05-10 at 6.47.38 PM\" data-image-description=\"\" data-image-caption=\"\" data-large-file=\"https:\/\/eldiariodesanpedro.com.ar\/sitio\/wp-content\/uploads\/2022\/05\/WhatsApp-Image-2022-05-10-at-6.47.38-PM.jpeg\" data-src=\"https:\/\/eldiariodesanpedro.com.ar\/sitio\/wp-content\/uploads\/2022\/05\/WhatsApp-Image-2022-05-10-at-6.47.38-PM.jpeg\" alt=\"\" class=\"wp-image-106869 lazyload\" data-srcset=\"https:\/\/eldiariodesanpedro.com.ar\/sitio\/wp-content\/uploads\/2022\/05\/WhatsApp-Image-2022-05-10-at-6.47.38-PM.jpeg 851w, https:\/\/eldiariodesanpedro.com.ar\/sitio\/wp-content\/uploads\/2022\/05\/WhatsApp-Image-2022-05-10-at-6.47.38-PM-300x182.jpeg 300w, https:\/\/eldiariodesanpedro.com.ar\/sitio\/wp-content\/uploads\/2022\/05\/WhatsApp-Image-2022-05-10-at-6.47.38-PM-768x466.jpeg 768w\" data-sizes=\"(max-width: 851px) 100vw, 851px\" src=\"data:image\/svg+xml;base64,PHN2ZyB3aWR0aD0iMSIgaGVpZ2h0PSIxIiB4bWxucz0iaHR0cDovL3d3dy53My5vcmcvMjAwMC9zdmciPjwvc3ZnPg==\" style=\"--smush-placeholder-width: 851px; --smush-placeholder-aspect-ratio: 851\/516;\" \/><\/figure>\n","protected":false},"excerpt":{"rendered":"<p>El Partido de San Pedro se encuentra comprendido dentro del plan de obras financiadas a trav\u00e9s del Fondo de Infraestructura Municipal del Gobierno de la Provincia de Buenos Aires. Las primeras tres etapas que comprenden 58 cuadras, ser\u00e1n licitadas en breve de acuerdo a la informaci\u00f3n compartida en una reuni\u00f3n de la que participaron esta [&hellip;]<\/p>\n","protected":false},"author":4,"featured_media":106866,"comment_status":"closed","ping_status":"closed","sticky":false,"template":"","format":"standard","meta":{"om_disable_all_campaigns":false,"_jetpack_memberships_contains_paid_content":false,"footnotes":""},"categories":[50,101,2],"tags":[197,696,33,19],"class_list":["post-106865","post","type-post","status-publish","format-standard","has-post-thumbnail","hentry","category-destacadas","category-interes-general-locales","category-locales","tag-buenos-aires","tag-interes-general","tag-locales","tag-san-pedro"],"aioseo_notices":[],"gutentor_comment":0,"jetpack_featured_media_url":"https:\/\/eldiariodesanpedro.com.ar\/sitio\/wp-content\/uploads\/2022\/05\/WhatsApp-Image-2022-05-10-at-6.47.36-PM.jpeg","jetpack_shortlink":"https:\/\/wp.me\/p6RhLt-rND","jetpack_sharing_enabled":true,"_links":{"self":[{"href":"https:\/\/eldiariodesanpedro.com.ar\/sitio\/wp-json\/wp\/v2\/posts\/106865","targetHints":{"allow":["GET"]}}],"collection":[{"href":"https:\/\/eldiariodesanpedro.com.ar\/sitio\/wp-json\/wp\/v2\/posts"}],"about":[{"href":"https:\/\/eldiariodesanpedro.com.ar\/sitio\/wp-json\/wp\/v2\/types\/post"}],"author":[{"embeddable":true,"href":"https:\/\/eldiariodesanpedro.com.ar\/sitio\/wp-json\/wp\/v2\/users\/4"}],"replies":[{"embeddable":true,"href":"https:\/\/eldiariodesanpedro.com.ar\/sitio\/wp-json\/wp\/v2\/comments?post=106865"}],"version-history":[{"count":1,"href":"https:\/\/eldiariodesanpedro.com.ar\/sitio\/wp-json\/wp\/v2\/posts\/106865\/revisions"}],"predecessor-version":[{"id":106870,"href":"https:\/\/eldiariodesanpedro.com.ar\/sitio\/wp-json\/wp\/v2\/posts\/106865\/revisions\/106870"}],"wp:featuredmedia":[{"embeddable":true,"href":"https:\/\/eldiariodesanpedro.com.ar\/sitio\/wp-json\/wp\/v2\/media\/106866"}],"wp:attachment":[{"href":"https:\/\/eldiariodesanpedro.com.ar\/sitio\/wp-json\/wp\/v2\/media?parent=106865"}],"wp:term":[{"taxonomy":"category","embeddable":true,"href":"https:\/\/eldiariodesanpedro.com.ar\/sitio\/wp-json\/wp\/v2\/categories?post=106865"},{"taxonomy":"post_tag","embeddable":true,"href":"https:\/\/eldiariodesanpedro.com.ar\/sitio\/wp-json\/wp\/v2\/tags?post=106865"}],"curies":[{"name":"wp","href":"https:\/\/api.w.org\/{rel}","templated":true}]}}