{"id":106852,"date":"2022-05-10T10:51:05","date_gmt":"2022-05-10T13:51:05","guid":{"rendered":"https:\/\/eldiariodesanpedro.com.ar\/sitio\/?p=106852"},"modified":"2022-05-10T10:51:05","modified_gmt":"2022-05-10T13:51:05","slug":"educacion-del-pozo-fue-sancionada-pero-aun-asi-regreso-a-la-direccion-de-la-escuela-6","status":"publish","type":"post","link":"https:\/\/eldiariodesanpedro.com.ar\/sitio\/educacion-del-pozo-fue-sancionada-pero-aun-asi-regreso-a-la-direccion-de-la-escuela-6\/","title":{"rendered":"Educaci\u00f3n: Del Pozo fue sancionada pero a\u00fan as\u00ed regres\u00f3 a la direcci\u00f3n de la Escuela 6"},"content":{"rendered":"<!-- VideographyWP Plugin Message: Automatic video embedding prevented by plugin options. -->\n\n<p>La docente Lucrecia Del Pozo, que se desempe\u00f1aba como directora de la Escuela 6 y fue removida provisoriamente tras ser acusada de no aplicar la ley de Educaci\u00f3n Sexual en el establecimiento, volver\u00e1 a su cargo, por dictamen de Provincia. La Direcci\u00f3n General de Cultura y Educaci\u00f3n provincial consider\u00f3 que, aunque deliberadamente desobedeci\u00f3 la v\u00eda jer\u00e1rquica que le dec\u00eda aplicar ESI, la situaci\u00f3n se resuelve con una sanci\u00f3n leve. Al inicio de la investigaci\u00f3n, no obstante, fueron muchos los padres y madres que realizaron denuncias con irregularidades y ahora se prev\u00e9 que, ante esta noticia, sean m\u00faltiples los descontentos.\u00a0<\/p>\n\n\n\n<p>Una de las primeras medidas que tom\u00f3 el&nbsp;<strong>director General de Cultura y Educaci\u00f3n de Axel Kicillof, Alberto Sileoni<\/strong>, al asumir, fue la de&nbsp;<strong>crear la direcci\u00f3n de Educaci\u00f3n Sexual Integral<\/strong>, con el objetivo de dar cumplimiento a la ley que estipula que los contenidos de la misma son obligatorios y deben darse de manera transversal en todas las materias.&nbsp;<\/p>\n\n\n\n<p>Lo que pareciera una&nbsp;<strong>decisi\u00f3n pol\u00edtica celebrable queda solo en los papeles<\/strong>: Lucrecia<strong>&nbsp;Del Pozo, directora de la Escuela 6 denunciada por no aplicar la ESI en su establecimiento lo que conllev\u00f3 a numerosas situaciones denunciadas con nombre y apellido por madres y padres de la escuela, fue sancionada por no aplicar la ley pero volver\u00e1 a su cargo<\/strong>, con la advertencia que, ante un pr\u00f3ximo incumplimiento, las consecuencias ser\u00e1n mayores. Eso dicen.&nbsp;<\/p>\n\n\n\n<p>Localmente, la&nbsp;<strong>jefa distrital de Educaci\u00f3n Marcela Luchessi junto a su equipo de inspectoras, recibieron las denuncias de la comunidad educativa<\/strong>&nbsp;y elaboraron un expediente que necesariamente deb\u00eda resolver la Provincia. En efecto a nivel territorial la decisi\u00f3n de remover provisoriamente a Del Pozo mientras avanzaba la investigaci\u00f3n fue celebrada tanto por la comunidad educativa de la 6, como de todos los sectores de la sociedad que entienden que las normativas est\u00e1n para aplicarse. Las autoridades educativas locales, sin embargo, evitaron en todo momento dar detalles de su tarea, porque as\u00ed se lo ordena la propia direcci\u00f3n provincial.<\/p>\n\n\n\n<p>Solo un pu\u00f1ado de integrantes del espacio pol\u00edtico identificado con el sector celeste, por su oposici\u00f3n a la legalizaci\u00f3n del aborto, march\u00f3 por las calles de San Pedro denunciando una persecuci\u00f3n pol\u00edtica a<strong>&nbsp;Del Pozo, quien en plena campa\u00f1a como candidata a legisladora del partido, incitaba p\u00fablicamente a no aplicar la ley de Educaci\u00f3n Sexual, bajo la excusa de considerarla una herramienta de adoctrinamiento<\/strong>.&nbsp;<\/p>\n\n\n\n<p>Ahora Del Pozo volvi\u00f3 a su cargo. La preocupaci\u00f3n, entre tantas, reside en&nbsp;<strong>c\u00f3mo tomar\u00e1 la comunidad educativa, que supo comprometerse con lo sucedido, su regreso<\/strong>. Es que aunque fuera un caso el que inicialmente tom\u00f3 estado p\u00fablico (el de un ni\u00f1o hostigado y castigado por pintarse las u\u00f1as) fueron muchas las denuncias recepcionadas por las autoridades educativas.<\/p>\n\n\n\n<p>La resoluci\u00f3n, un duro rev\u00e9s para quienes creemos en garantizar los derechos principalmente cuando les corresponden a les pibes, ya fue comunicada a la docente y este martes qued\u00f3 habilitada para regresar a la Escuela.\u00a0<\/p>\n\n\n\n<p>fuente: visi\u00f3n regional<\/p>\n","protected":false},"excerpt":{"rendered":"<p>La docente Lucrecia Del Pozo, que se desempe\u00f1aba como directora de la Escuela 6 y fue removida provisoriamente tras ser acusada de no aplicar la ley de Educaci\u00f3n Sexual en el establecimiento, volver\u00e1 a su cargo, por dictamen de Provincia. La Direcci\u00f3n General de Cultura y Educaci\u00f3n provincial consider\u00f3 que, aunque deliberadamente desobedeci\u00f3 la v\u00eda [&hellip;]<\/p>\n","protected":false},"author":4,"featured_media":106853,"comment_status":"closed","ping_status":"closed","sticky":false,"template":"","format":"standard","meta":{"om_disable_all_campaigns":false,"_jetpack_memberships_contains_paid_content":false,"footnotes":""},"categories":[50,101,2],"tags":[197,696,33,19],"class_list":["post-106852","post","type-post","status-publish","format-standard","has-post-thumbnail","hentry","category-destacadas","category-interes-general-locales","category-locales","tag-buenos-aires","tag-interes-general","tag-locales","tag-san-pedro"],"aioseo_notices":[],"gutentor_comment":0,"jetpack_featured_media_url":"https:\/\/eldiariodesanpedro.com.ar\/sitio\/wp-content\/uploads\/2022\/05\/escuela_6_4_6.jpg","jetpack_shortlink":"https:\/\/wp.me\/p6RhLt-rNq","jetpack_sharing_enabled":true,"_links":{"self":[{"href":"https:\/\/eldiariodesanpedro.com.ar\/sitio\/wp-json\/wp\/v2\/posts\/106852","targetHints":{"allow":["GET"]}}],"collection":[{"href":"https:\/\/eldiariodesanpedro.com.ar\/sitio\/wp-json\/wp\/v2\/posts"}],"about":[{"href":"https:\/\/eldiariodesanpedro.com.ar\/sitio\/wp-json\/wp\/v2\/types\/post"}],"author":[{"embeddable":true,"href":"https:\/\/eldiariodesanpedro.com.ar\/sitio\/wp-json\/wp\/v2\/users\/4"}],"replies":[{"embeddable":true,"href":"https:\/\/eldiariodesanpedro.com.ar\/sitio\/wp-json\/wp\/v2\/comments?post=106852"}],"version-history":[{"count":1,"href":"https:\/\/eldiariodesanpedro.com.ar\/sitio\/wp-json\/wp\/v2\/posts\/106852\/revisions"}],"predecessor-version":[{"id":106854,"href":"https:\/\/eldiariodesanpedro.com.ar\/sitio\/wp-json\/wp\/v2\/posts\/106852\/revisions\/106854"}],"wp:featuredmedia":[{"embeddable":true,"href":"https:\/\/eldiariodesanpedro.com.ar\/sitio\/wp-json\/wp\/v2\/media\/106853"}],"wp:attachment":[{"href":"https:\/\/eldiariodesanpedro.com.ar\/sitio\/wp-json\/wp\/v2\/media?parent=106852"}],"wp:term":[{"taxonomy":"category","embeddable":true,"href":"https:\/\/eldiariodesanpedro.com.ar\/sitio\/wp-json\/wp\/v2\/categories?post=106852"},{"taxonomy":"post_tag","embeddable":true,"href":"https:\/\/eldiariodesanpedro.com.ar\/sitio\/wp-json\/wp\/v2\/tags?post=106852"}],"curies":[{"name":"wp","href":"https:\/\/api.w.org\/{rel}","templated":true}]}}