{"id":106833,"date":"2022-05-09T20:22:43","date_gmt":"2022-05-09T23:22:43","guid":{"rendered":"https:\/\/eldiariodesanpedro.com.ar\/sitio\/?p=106833"},"modified":"2022-05-09T20:22:44","modified_gmt":"2022-05-09T23:22:44","slug":"un-joven-herido-trasladado-al-hospital-tras-colision-entre-una-moto-y-un-automovil","status":"publish","type":"post","link":"https:\/\/eldiariodesanpedro.com.ar\/sitio\/un-joven-herido-trasladado-al-hospital-tras-colision-entre-una-moto-y-un-automovil\/","title":{"rendered":"Un joven herido trasladado al hospital tras colisi\u00f3n entre una moto y un autom\u00f3vil"},"content":{"rendered":"<!-- VideographyWP Plugin Message: Automatic video embedding prevented by plugin options. -->\n\n<p>Este lunes en horas de la tarde ocurri\u00f3 un nuevo accidente de tr\u00e1nsito en nuestra ciudad donde un motociclista fue trasladado con lesiones al nosocomio local.<br>El hecho tuvo lugar en la esquina de Av. Sarmiento y Obligado cuando un ciudadano de alrededor de 30 a\u00f1os circulaba en una motocicleta por razones que se tratan de establecer es impactado por un autom\u00f3vil conducido por otro ciudadano mayor de edad.<br>En el lugar se hizo presente la ambulancia del SAME que traslad\u00f3 al conductor del veh\u00edculo de menor porte para luego determinar en el nosocomio local la gravedad de sus heridas.<\/p>\n","protected":false},"excerpt":{"rendered":"<p>Este lunes en horas de la tarde ocurri\u00f3 un nuevo accidente de tr\u00e1nsito en nuestra ciudad donde un motociclista fue trasladado con lesiones al nosocomio local.El hecho tuvo lugar en la esquina de Av. Sarmiento y Obligado cuando un ciudadano de alrededor de 30 a\u00f1os circulaba en una motocicleta por razones que se tratan de [&hellip;]<\/p>\n","protected":false},"author":4,"featured_media":106835,"comment_status":"closed","ping_status":"closed","sticky":false,"template":"","format":"standard","meta":{"om_disable_all_campaigns":false,"_jetpack_memberships_contains_paid_content":false,"footnotes":""},"categories":[2,103],"tags":[197,33,95,19],"class_list":["post-106833","post","type-post","status-publish","format-standard","has-post-thumbnail","hentry","category-locales","category-policiales-locales","tag-buenos-aires","tag-locales","tag-policiales","tag-san-pedro"],"aioseo_notices":[],"gutentor_comment":0,"jetpack_featured_media_url":"https:\/\/eldiariodesanpedro.com.ar\/sitio\/wp-content\/uploads\/2022\/05\/WhatsApp-Image-2022-05-09-at-7.31.58-PM.jpeg","jetpack_shortlink":"https:\/\/wp.me\/p6RhLt-rN7","jetpack_sharing_enabled":true,"_links":{"self":[{"href":"https:\/\/eldiariodesanpedro.com.ar\/sitio\/wp-json\/wp\/v2\/posts\/106833","targetHints":{"allow":["GET"]}}],"collection":[{"href":"https:\/\/eldiariodesanpedro.com.ar\/sitio\/wp-json\/wp\/v2\/posts"}],"about":[{"href":"https:\/\/eldiariodesanpedro.com.ar\/sitio\/wp-json\/wp\/v2\/types\/post"}],"author":[{"embeddable":true,"href":"https:\/\/eldiariodesanpedro.com.ar\/sitio\/wp-json\/wp\/v2\/users\/4"}],"replies":[{"embeddable":true,"href":"https:\/\/eldiariodesanpedro.com.ar\/sitio\/wp-json\/wp\/v2\/comments?post=106833"}],"version-history":[{"count":1,"href":"https:\/\/eldiariodesanpedro.com.ar\/sitio\/wp-json\/wp\/v2\/posts\/106833\/revisions"}],"predecessor-version":[{"id":106836,"href":"https:\/\/eldiariodesanpedro.com.ar\/sitio\/wp-json\/wp\/v2\/posts\/106833\/revisions\/106836"}],"wp:featuredmedia":[{"embeddable":true,"href":"https:\/\/eldiariodesanpedro.com.ar\/sitio\/wp-json\/wp\/v2\/media\/106835"}],"wp:attachment":[{"href":"https:\/\/eldiariodesanpedro.com.ar\/sitio\/wp-json\/wp\/v2\/media?parent=106833"}],"wp:term":[{"taxonomy":"category","embeddable":true,"href":"https:\/\/eldiariodesanpedro.com.ar\/sitio\/wp-json\/wp\/v2\/categories?post=106833"},{"taxonomy":"post_tag","embeddable":true,"href":"https:\/\/eldiariodesanpedro.com.ar\/sitio\/wp-json\/wp\/v2\/tags?post=106833"}],"curies":[{"name":"wp","href":"https:\/\/api.w.org\/{rel}","templated":true}]}}