{"id":106831,"date":"2022-05-09T19:57:33","date_gmt":"2022-05-09T22:57:33","guid":{"rendered":"https:\/\/eldiariodesanpedro.com.ar\/sitio\/?p=106831"},"modified":"2022-05-09T19:57:34","modified_gmt":"2022-05-09T22:57:34","slug":"nueva-capacitacion-para-la-implementacion-de-la-informatizacion-de-historias-clinicas","status":"publish","type":"post","link":"https:\/\/eldiariodesanpedro.com.ar\/sitio\/nueva-capacitacion-para-la-implementacion-de-la-informatizacion-de-historias-clinicas\/","title":{"rendered":"Nueva capacitaci\u00f3n para la implementaci\u00f3n de la informatizaci\u00f3n de historias cl\u00ednicas"},"content":{"rendered":"<!-- VideographyWP Plugin Message: Automatic video embedding prevented by plugin options. -->\n\n<p>La Secretar\u00eda de Salud de la Municipalidad de San Pedro recibir\u00e1 el pr\u00f3ximo jueves 12 de mayo a las 8.30 hs a funcionarios y t\u00e9cnicos del Ministerio de Salud de la Provincia de Buenos Aires para completar la capacitaci\u00f3n que permitir\u00e1 poner en marcha el sistema de Historia Cl\u00ednica Electr\u00f3nica.<\/p>\n\n\n\n<p>Luego de las jornadas ya realizadas, este encuentro dejar\u00e1 establecida la modalidad a trav\u00e9s de la cual el distrito de San Pedro ser\u00e1 uno de los primeros en activar esta metodolog\u00eda para acceder a la informaci\u00f3n de cada paciente de manera digital.<\/p>\n\n\n\n<p>La jornada contar\u00e1 con la participaci\u00f3n de representantes de los hospitales y centros de salud que ya cuentan con la conectividad necesaria para poder intercambiar la informaci\u00f3n.<\/p>\n\n\n\n<p>El Sistema Integrado de Historias Cl\u00ednicas, desarrollado en lenguaje de c\u00f3digo abierto con est\u00e1ndares de software sanitario HL7 y SNOMED CT se implementar\u00e1 en San Pedro junto a otros 30 distritos que fueron preseleccionados para participar en este proyecto transformador para el Sistema P\u00fablico de Salud, interviniendo conjuntamente con equipos de municipios de todas las regiones sanitarias.<\/p>\n","protected":false},"excerpt":{"rendered":"<p>La Secretar\u00eda de Salud de la Municipalidad de San Pedro recibir\u00e1 el pr\u00f3ximo jueves 12 de mayo a las 8.30 hs a funcionarios y t\u00e9cnicos del Ministerio de Salud de la Provincia de Buenos Aires para completar la capacitaci\u00f3n que permitir\u00e1 poner en marcha el sistema de Historia Cl\u00ednica Electr\u00f3nica. Luego de las jornadas ya [&hellip;]<\/p>\n","protected":false},"author":4,"featured_media":105158,"comment_status":"closed","ping_status":"closed","sticky":false,"template":"","format":"standard","meta":{"om_disable_all_campaigns":false,"_jetpack_memberships_contains_paid_content":false,"footnotes":""},"categories":[101,2],"tags":[197,696,33,19],"class_list":["post-106831","post","type-post","status-publish","format-standard","has-post-thumbnail","hentry","category-interes-general-locales","category-locales","tag-buenos-aires","tag-interes-general","tag-locales","tag-san-pedro"],"aioseo_notices":[],"gutentor_comment":0,"jetpack_featured_media_url":"https:\/\/eldiariodesanpedro.com.ar\/sitio\/wp-content\/uploads\/2022\/03\/Hospital-frente-2018.jpg","jetpack_shortlink":"https:\/\/wp.me\/p6RhLt-rN5","jetpack_sharing_enabled":true,"_links":{"self":[{"href":"https:\/\/eldiariodesanpedro.com.ar\/sitio\/wp-json\/wp\/v2\/posts\/106831","targetHints":{"allow":["GET"]}}],"collection":[{"href":"https:\/\/eldiariodesanpedro.com.ar\/sitio\/wp-json\/wp\/v2\/posts"}],"about":[{"href":"https:\/\/eldiariodesanpedro.com.ar\/sitio\/wp-json\/wp\/v2\/types\/post"}],"author":[{"embeddable":true,"href":"https:\/\/eldiariodesanpedro.com.ar\/sitio\/wp-json\/wp\/v2\/users\/4"}],"replies":[{"embeddable":true,"href":"https:\/\/eldiariodesanpedro.com.ar\/sitio\/wp-json\/wp\/v2\/comments?post=106831"}],"version-history":[{"count":1,"href":"https:\/\/eldiariodesanpedro.com.ar\/sitio\/wp-json\/wp\/v2\/posts\/106831\/revisions"}],"predecessor-version":[{"id":106832,"href":"https:\/\/eldiariodesanpedro.com.ar\/sitio\/wp-json\/wp\/v2\/posts\/106831\/revisions\/106832"}],"wp:featuredmedia":[{"embeddable":true,"href":"https:\/\/eldiariodesanpedro.com.ar\/sitio\/wp-json\/wp\/v2\/media\/105158"}],"wp:attachment":[{"href":"https:\/\/eldiariodesanpedro.com.ar\/sitio\/wp-json\/wp\/v2\/media?parent=106831"}],"wp:term":[{"taxonomy":"category","embeddable":true,"href":"https:\/\/eldiariodesanpedro.com.ar\/sitio\/wp-json\/wp\/v2\/categories?post=106831"},{"taxonomy":"post_tag","embeddable":true,"href":"https:\/\/eldiariodesanpedro.com.ar\/sitio\/wp-json\/wp\/v2\/tags?post=106831"}],"curies":[{"name":"wp","href":"https:\/\/api.w.org\/{rel}","templated":true}]}}