{"id":106828,"date":"2022-05-09T14:06:50","date_gmt":"2022-05-09T17:06:50","guid":{"rendered":"https:\/\/eldiariodesanpedro.com.ar\/sitio\/?p=106828"},"modified":"2022-05-09T14:06:50","modified_gmt":"2022-05-09T17:06:50","slug":"comenzo-el-juicio-oral-por-abusos-en-el-jardin-belen","status":"publish","type":"post","link":"https:\/\/eldiariodesanpedro.com.ar\/sitio\/comenzo-el-juicio-oral-por-abusos-en-el-jardin-belen\/","title":{"rendered":"Comenz\u00f3 el juicio oral por abusos en el Jard\u00edn Bel\u00e9n"},"content":{"rendered":"<!-- VideographyWP Plugin Message: Automatic video embedding prevented by plugin options. -->\n\n<p>En estos momentos, en el Tribunal Oral y Criminal N\u00ba2, arranc\u00f3 el juicio oral por presuntos abusos ocurridos en el Jard\u00edn Bel\u00e9n de San Pedro.<br>Hoy comenz\u00f3 el juicio oral sobre la causa que investiga presuntos abusos sexuales, perpetrados en el Jard\u00edn Bel\u00e9n de la localidad sampedrina. Los imputados en esta causa son el sacerdote Tulio Matiussi, el portero Anselmo Ojeda y la preceptora de la instituci\u00f3n, Mar\u00eda Rub\u00edes.<br>En estos momentos EL NORTE se encuentra en el Tribunal Oral y Criminal N\u00ba2 de San Nicol\u00e1s, en el cu\u00e1l se espera la presencia de 60 testigos que prestar\u00e1n declaraci\u00f3n. Este proceso transcurrir\u00e1 hasta el viernes 13 de esta semana, cuando se espera se obtenga el veredicto final que determine la responsabilidad o no de los imputados en los hechos por los que se los acusa.<br>Son cinco las v\u00edctimas que se encuentran representadas en esta causa, marcadas como padecientes de abusos sexuales cuando ten\u00edan entre 3 y 5 a\u00f1os.<br>Las circunstancias denunciadas dan cuenta de que estos habr\u00edan ocurrido en el interior del Jard\u00edn Bel\u00e9n, dependiente del Obispado de San Nicol\u00e1s, durante los per\u00edodos que no implicaban clases; es decir, en momentos de receso, cuando los ni\u00f1os y ni\u00f1as no estaban bajo supervisi\u00f3n del equipo docente, sino de estos auxiliares y el sacerdote.<\/p>\n\n\n\n<p>En el recinto<br>Desde la Defensa, el doctor Marchetti solicit\u00f3 la absoluci\u00f3n del sacerdote Matiussi, mientras que el abogado de Ojeda y Rub\u00edes, el Dr. Ares opt\u00f3 por la misma v\u00eda. Estas partes, muestran a las claras la intenci\u00f3n de dilatar el tratamiento de la causa.<br>Adem\u00e1s, de manera individual, Marchetti solicit\u00f3 nuevamente la recusaci\u00f3n del tribunal, y manifest\u00f3 que no va a declarar Matiussi en tanto permanezca este \u201ctribunal imparcial. Porque todo lo que diga va a ser deso\u00eddo\u201d.<br>Por su parte, el particular damnificado solicit\u00f3 la ampliaci\u00f3n de la acusaci\u00f3n, para que se eleve la car\u00e1tula a abuso sexual con acceso carnal y corrupci\u00f3n de menores. Esto basado en las declaraciones de las v\u00edctimas y los detalles brindados por los peritajes.<br>Ya comenzaron a declarar los testigos, los primeros ser\u00e1n los padres y madres de las v\u00edctimas.<\/p>\n\n\n\n<p>Fuente: <a href=\"https:\/\/www.diarioelnorte.com.ar\/comenzo-el-juicio-oral-por-abusos-en-el-jardin-belen\/\">Diario El Norte<\/a><\/p>\n","protected":false},"excerpt":{"rendered":"<p>En estos momentos, en el Tribunal Oral y Criminal N\u00ba2, arranc\u00f3 el juicio oral por presuntos abusos ocurridos en el Jard\u00edn Bel\u00e9n de San Pedro.Hoy comenz\u00f3 el juicio oral sobre la causa que investiga presuntos abusos sexuales, perpetrados en el Jard\u00edn Bel\u00e9n de la localidad sampedrina. Los imputados en esta causa son el sacerdote Tulio [&hellip;]<\/p>\n","protected":false},"author":4,"featured_media":106829,"comment_status":"closed","ping_status":"closed","sticky":false,"template":"","format":"standard","meta":{"om_disable_all_campaigns":false,"_jetpack_memberships_contains_paid_content":false,"footnotes":""},"categories":[50,101,2],"tags":[197,696,33,19],"class_list":["post-106828","post","type-post","status-publish","format-standard","has-post-thumbnail","hentry","category-destacadas","category-interes-general-locales","category-locales","tag-buenos-aires","tag-interes-general","tag-locales","tag-san-pedro"],"aioseo_notices":[],"gutentor_comment":0,"jetpack_featured_media_url":"https:\/\/eldiariodesanpedro.com.ar\/sitio\/wp-content\/uploads\/2022\/05\/WhatsApp-Image-2022-05-09-at-10.43.32-AM-1024x682-1.jpeg","jetpack_shortlink":"https:\/\/wp.me\/p6RhLt-rN2","jetpack_sharing_enabled":true,"_links":{"self":[{"href":"https:\/\/eldiariodesanpedro.com.ar\/sitio\/wp-json\/wp\/v2\/posts\/106828","targetHints":{"allow":["GET"]}}],"collection":[{"href":"https:\/\/eldiariodesanpedro.com.ar\/sitio\/wp-json\/wp\/v2\/posts"}],"about":[{"href":"https:\/\/eldiariodesanpedro.com.ar\/sitio\/wp-json\/wp\/v2\/types\/post"}],"author":[{"embeddable":true,"href":"https:\/\/eldiariodesanpedro.com.ar\/sitio\/wp-json\/wp\/v2\/users\/4"}],"replies":[{"embeddable":true,"href":"https:\/\/eldiariodesanpedro.com.ar\/sitio\/wp-json\/wp\/v2\/comments?post=106828"}],"version-history":[{"count":1,"href":"https:\/\/eldiariodesanpedro.com.ar\/sitio\/wp-json\/wp\/v2\/posts\/106828\/revisions"}],"predecessor-version":[{"id":106830,"href":"https:\/\/eldiariodesanpedro.com.ar\/sitio\/wp-json\/wp\/v2\/posts\/106828\/revisions\/106830"}],"wp:featuredmedia":[{"embeddable":true,"href":"https:\/\/eldiariodesanpedro.com.ar\/sitio\/wp-json\/wp\/v2\/media\/106829"}],"wp:attachment":[{"href":"https:\/\/eldiariodesanpedro.com.ar\/sitio\/wp-json\/wp\/v2\/media?parent=106828"}],"wp:term":[{"taxonomy":"category","embeddable":true,"href":"https:\/\/eldiariodesanpedro.com.ar\/sitio\/wp-json\/wp\/v2\/categories?post=106828"},{"taxonomy":"post_tag","embeddable":true,"href":"https:\/\/eldiariodesanpedro.com.ar\/sitio\/wp-json\/wp\/v2\/tags?post=106828"}],"curies":[{"name":"wp","href":"https:\/\/api.w.org\/{rel}","templated":true}]}}