{"id":106825,"date":"2022-05-09T13:44:00","date_gmt":"2022-05-09T16:44:00","guid":{"rendered":"https:\/\/eldiariodesanpedro.com.ar\/sitio\/?p=106825"},"modified":"2022-05-09T13:44:01","modified_gmt":"2022-05-09T16:44:01","slug":"agravaron-la-imputacion-contra-los-sindicalistas-de-camioneros","status":"publish","type":"post","link":"https:\/\/eldiariodesanpedro.com.ar\/sitio\/agravaron-la-imputacion-contra-los-sindicalistas-de-camioneros\/","title":{"rendered":"Agravaron la imputaci\u00f3n contra los sindicalistas de Camioneros"},"content":{"rendered":"<!-- VideographyWP Plugin Message: Automatic video embedding prevented by plugin options. -->\n\n<p>Tras un allanamiento, los dos dirigentes de camioneros se\u00f1alados por un bloqueo y \u00abextorsi\u00f3n\u00bb a la empresa Rey Distribuci\u00f3n sumaron una nueva acusaci\u00f3n.<\/p>\n\n\n\n<p>La situaci\u00f3n procesal de los dos gremialistas de\u00a0camioneros\u00a0detenidos en\u00a0San Nicol\u00e1s\u00a0en el marco de la investigaci\u00f3n por el bloqueo y presunta \u201cextorsi\u00f3n\u201d contra la empresa Rey Distribuci\u00f3n se agrav\u00f3 con una nueva\u00a0imputaci\u00f3n.<\/p>\n\n\n\n<p>Luego de un allanamiento en la sede gremial,&nbsp;se secuestraron recibos donde constar\u00edan el supuesto \u201cingreso de dinero\u201d proveniente de los empresarios denunciados pero sin documentos que avalen la presunta deuda esgrimida por el sindicato.<\/p>\n\n\n\n<p>A partir de esa documentaci\u00f3n, la fiscal&nbsp;Mar\u00eda Del Valle Viviani&nbsp;sum\u00f3 el delito de&nbsp;\u201cextorsi\u00f3n por suscripci\u00f3n de documento jur\u00eddico\u201d&nbsp;a las acusaciones previas por \u00abturbaci\u00f3n de la posesi\u00f3n\u00bb y \u201cextorsi\u00f3n\u201d que ya pesaban contra&nbsp;Maximiliano Cabaleyro, delegado regional de Camioneros y de la CGT y concejal del Frente de Todos en San Nicol\u00e1s, y&nbsp;Fernando Esp\u00edndola, tambi\u00e9n representante del gremio de choferes.<\/p>\n\n\n\n<p>En simult\u00e1neo, este lunes vencer\u00e1 el plazo con la que cuenta la fiscal para solicitar la prisi\u00f3n preventiva contra los gremialistas acusados.<\/p>\n\n\n\n<p>De acuerdo a los elementos que considera la fiscal, existir\u00edan \u201cpeligros procesales\u201d para evitar que los acusados contin\u00faen el proceso con prisi\u00f3n domiciliaria. A esto hay que agregar que los montos de pena estipulados no son excarcelables.<\/p>\n\n\n\n<p>Fuente: InfoCielo<\/p>\n","protected":false},"excerpt":{"rendered":"<p>Tras un allanamiento, los dos dirigentes de camioneros se\u00f1alados por un bloqueo y \u00abextorsi\u00f3n\u00bb a la empresa Rey Distribuci\u00f3n sumaron una nueva acusaci\u00f3n. La situaci\u00f3n procesal de los dos gremialistas de\u00a0camioneros\u00a0detenidos en\u00a0San Nicol\u00e1s\u00a0en el marco de la investigaci\u00f3n por el bloqueo y presunta \u201cextorsi\u00f3n\u201d contra la empresa Rey Distribuci\u00f3n se agrav\u00f3 con una nueva\u00a0imputaci\u00f3n. Luego [&hellip;]<\/p>\n","protected":false},"author":4,"featured_media":106826,"comment_status":"closed","ping_status":"closed","sticky":false,"template":"","format":"standard","meta":{"om_disable_all_campaigns":false,"_jetpack_memberships_contains_paid_content":false,"footnotes":""},"categories":[50,101,2],"tags":[197,696,33,19],"class_list":["post-106825","post","type-post","status-publish","format-standard","has-post-thumbnail","hentry","category-destacadas","category-interes-general-locales","category-locales","tag-buenos-aires","tag-interes-general","tag-locales","tag-san-pedro"],"aioseo_notices":[],"gutentor_comment":0,"jetpack_featured_media_url":"https:\/\/eldiariodesanpedro.com.ar\/sitio\/wp-content\/uploads\/2022\/05\/0000020873-resized-1920x1080-1.jpg","jetpack_shortlink":"https:\/\/wp.me\/p6RhLt-rMZ","jetpack_sharing_enabled":true,"_links":{"self":[{"href":"https:\/\/eldiariodesanpedro.com.ar\/sitio\/wp-json\/wp\/v2\/posts\/106825","targetHints":{"allow":["GET"]}}],"collection":[{"href":"https:\/\/eldiariodesanpedro.com.ar\/sitio\/wp-json\/wp\/v2\/posts"}],"about":[{"href":"https:\/\/eldiariodesanpedro.com.ar\/sitio\/wp-json\/wp\/v2\/types\/post"}],"author":[{"embeddable":true,"href":"https:\/\/eldiariodesanpedro.com.ar\/sitio\/wp-json\/wp\/v2\/users\/4"}],"replies":[{"embeddable":true,"href":"https:\/\/eldiariodesanpedro.com.ar\/sitio\/wp-json\/wp\/v2\/comments?post=106825"}],"version-history":[{"count":1,"href":"https:\/\/eldiariodesanpedro.com.ar\/sitio\/wp-json\/wp\/v2\/posts\/106825\/revisions"}],"predecessor-version":[{"id":106827,"href":"https:\/\/eldiariodesanpedro.com.ar\/sitio\/wp-json\/wp\/v2\/posts\/106825\/revisions\/106827"}],"wp:featuredmedia":[{"embeddable":true,"href":"https:\/\/eldiariodesanpedro.com.ar\/sitio\/wp-json\/wp\/v2\/media\/106826"}],"wp:attachment":[{"href":"https:\/\/eldiariodesanpedro.com.ar\/sitio\/wp-json\/wp\/v2\/media?parent=106825"}],"wp:term":[{"taxonomy":"category","embeddable":true,"href":"https:\/\/eldiariodesanpedro.com.ar\/sitio\/wp-json\/wp\/v2\/categories?post=106825"},{"taxonomy":"post_tag","embeddable":true,"href":"https:\/\/eldiariodesanpedro.com.ar\/sitio\/wp-json\/wp\/v2\/tags?post=106825"}],"curies":[{"name":"wp","href":"https:\/\/api.w.org\/{rel}","templated":true}]}}