{"id":106822,"date":"2022-05-09T13:21:25","date_gmt":"2022-05-09T16:21:25","guid":{"rendered":"https:\/\/eldiariodesanpedro.com.ar\/sitio\/?p=106822"},"modified":"2022-05-09T13:21:26","modified_gmt":"2022-05-09T16:21:26","slug":"un-ciclista-en-grave-estado-tras-ser-colisionado-por-dos-automoviles-en-la-ruta-9","status":"publish","type":"post","link":"https:\/\/eldiariodesanpedro.com.ar\/sitio\/un-ciclista-en-grave-estado-tras-ser-colisionado-por-dos-automoviles-en-la-ruta-9\/","title":{"rendered":"Un ciclista en grave estado tras ser colisionado por dos autom\u00f3viles en la ruta 9"},"content":{"rendered":"<!-- VideographyWP Plugin Message: Automatic video embedding prevented by plugin options. -->\n\n<p>El personal policial acude a ruta 9 km 148.500 carril Rosario &#8211; Buenos Aires, y que por razones tr\u00e1tase de establecer un autom\u00f3vil marca Chevrolet, conducido por ciudadano mayor de edad de 43 a\u00f1os, colision\u00f3 a ciclista de 51 a\u00f1os, quien presenta trauma severo grave, con riesgo inminente de vida, trasladado por ambulancia al nosocomio local.<br>Tal siniestro result\u00f3 conectado con un segundo autom\u00f3vil de la marca Fiat conducido por un ciudadano mayor de 22 a\u00f1os oriundo de la ciudad de Campana.<br>Interviene U.F.I. N\u00b0 11 San Pedro, donde el instructor en turno, dispone notificaci\u00f3n de la causa para ambos conductores y secuestro de los tres rodados.<\/p>\n","protected":false},"excerpt":{"rendered":"<p>El personal policial acude a ruta 9 km 148.500 carril Rosario &#8211; Buenos Aires, y que por razones tr\u00e1tase de establecer un autom\u00f3vil marca Chevrolet, conducido por ciudadano mayor de edad de 43 a\u00f1os, colision\u00f3 a ciclista de 51 a\u00f1os, quien presenta trauma severo grave, con riesgo inminente de vida, trasladado por ambulancia al nosocomio [&hellip;]<\/p>\n","protected":false},"author":4,"featured_media":106823,"comment_status":"closed","ping_status":"closed","sticky":false,"template":"","format":"standard","meta":{"om_disable_all_campaigns":false,"_jetpack_memberships_contains_paid_content":false,"footnotes":""},"categories":[2,103],"tags":[197,33,95,19],"class_list":["post-106822","post","type-post","status-publish","format-standard","has-post-thumbnail","hentry","category-locales","category-policiales-locales","tag-buenos-aires","tag-locales","tag-policiales","tag-san-pedro"],"aioseo_notices":[],"gutentor_comment":0,"jetpack_featured_media_url":"https:\/\/eldiariodesanpedro.com.ar\/sitio\/wp-content\/uploads\/2022\/05\/Sin-titulo-2-1.jpg","jetpack_shortlink":"https:\/\/wp.me\/p6RhLt-rMW","jetpack_sharing_enabled":true,"_links":{"self":[{"href":"https:\/\/eldiariodesanpedro.com.ar\/sitio\/wp-json\/wp\/v2\/posts\/106822","targetHints":{"allow":["GET"]}}],"collection":[{"href":"https:\/\/eldiariodesanpedro.com.ar\/sitio\/wp-json\/wp\/v2\/posts"}],"about":[{"href":"https:\/\/eldiariodesanpedro.com.ar\/sitio\/wp-json\/wp\/v2\/types\/post"}],"author":[{"embeddable":true,"href":"https:\/\/eldiariodesanpedro.com.ar\/sitio\/wp-json\/wp\/v2\/users\/4"}],"replies":[{"embeddable":true,"href":"https:\/\/eldiariodesanpedro.com.ar\/sitio\/wp-json\/wp\/v2\/comments?post=106822"}],"version-history":[{"count":1,"href":"https:\/\/eldiariodesanpedro.com.ar\/sitio\/wp-json\/wp\/v2\/posts\/106822\/revisions"}],"predecessor-version":[{"id":106824,"href":"https:\/\/eldiariodesanpedro.com.ar\/sitio\/wp-json\/wp\/v2\/posts\/106822\/revisions\/106824"}],"wp:featuredmedia":[{"embeddable":true,"href":"https:\/\/eldiariodesanpedro.com.ar\/sitio\/wp-json\/wp\/v2\/media\/106823"}],"wp:attachment":[{"href":"https:\/\/eldiariodesanpedro.com.ar\/sitio\/wp-json\/wp\/v2\/media?parent=106822"}],"wp:term":[{"taxonomy":"category","embeddable":true,"href":"https:\/\/eldiariodesanpedro.com.ar\/sitio\/wp-json\/wp\/v2\/categories?post=106822"},{"taxonomy":"post_tag","embeddable":true,"href":"https:\/\/eldiariodesanpedro.com.ar\/sitio\/wp-json\/wp\/v2\/tags?post=106822"}],"curies":[{"name":"wp","href":"https:\/\/api.w.org\/{rel}","templated":true}]}}