{"id":106819,"date":"2022-05-09T12:58:02","date_gmt":"2022-05-09T15:58:02","guid":{"rendered":"https:\/\/eldiariodesanpedro.com.ar\/sitio\/?p=106819"},"modified":"2022-05-09T12:58:03","modified_gmt":"2022-05-09T15:58:03","slug":"robo-un-celular-y-billetera-a-un-peaton-pero-fue-atrapado-por-la-policia","status":"publish","type":"post","link":"https:\/\/eldiariodesanpedro.com.ar\/sitio\/robo-un-celular-y-billetera-a-un-peaton-pero-fue-atrapado-por-la-policia\/","title":{"rendered":"Robo un celular y billetera a un peat\u00f3n pero fue atrapado por la polic\u00eda"},"content":{"rendered":"<!-- VideographyWP Plugin Message: Automatic video embedding prevented by plugin options. -->\n\n<p>El personal de la dependencia policial a ra\u00edz llamado 911 emergencias, donde en calle G\u00fcemes y Benefactora Sampedrina ante r\u00e1pido accionar policial proceden a la aprehensi\u00f3n de ciudadano mayor de edad de 37 a\u00f1os que momentos antes y mediante intimidaci\u00f3n verbal sustrae a ciudadano mayor 45 a\u00f1os un tel\u00e9fono celular, una billetera con documentaci\u00f3n y dinero en efectivo siendo recuperado instant\u00e1neamente ante tal intervenci\u00f3n.<\/p>\n","protected":false},"excerpt":{"rendered":"<p>El personal de la dependencia policial a ra\u00edz llamado 911 emergencias, donde en calle G\u00fcemes y Benefactora Sampedrina ante r\u00e1pido accionar policial proceden a la aprehensi\u00f3n de ciudadano mayor de edad de 37 a\u00f1os que momentos antes y mediante intimidaci\u00f3n verbal sustrae a ciudadano mayor 45 a\u00f1os un tel\u00e9fono celular, una billetera con documentaci\u00f3n y [&hellip;]<\/p>\n","protected":false},"author":4,"featured_media":106820,"comment_status":"closed","ping_status":"closed","sticky":false,"template":"","format":"standard","meta":{"om_disable_all_campaigns":false,"_jetpack_memberships_contains_paid_content":false,"footnotes":""},"categories":[2,103],"tags":[197,33,95,19],"class_list":["post-106819","post","type-post","status-publish","format-standard","has-post-thumbnail","hentry","category-locales","category-policiales-locales","tag-buenos-aires","tag-locales","tag-policiales","tag-san-pedro"],"aioseo_notices":[],"gutentor_comment":0,"jetpack_featured_media_url":"https:\/\/eldiariodesanpedro.com.ar\/sitio\/wp-content\/uploads\/2022\/05\/WhatsApp-Image-2022-05-09-at-9.55.59-AM.jpeg","jetpack_shortlink":"https:\/\/wp.me\/p6RhLt-rMT","jetpack_sharing_enabled":true,"_links":{"self":[{"href":"https:\/\/eldiariodesanpedro.com.ar\/sitio\/wp-json\/wp\/v2\/posts\/106819","targetHints":{"allow":["GET"]}}],"collection":[{"href":"https:\/\/eldiariodesanpedro.com.ar\/sitio\/wp-json\/wp\/v2\/posts"}],"about":[{"href":"https:\/\/eldiariodesanpedro.com.ar\/sitio\/wp-json\/wp\/v2\/types\/post"}],"author":[{"embeddable":true,"href":"https:\/\/eldiariodesanpedro.com.ar\/sitio\/wp-json\/wp\/v2\/users\/4"}],"replies":[{"embeddable":true,"href":"https:\/\/eldiariodesanpedro.com.ar\/sitio\/wp-json\/wp\/v2\/comments?post=106819"}],"version-history":[{"count":1,"href":"https:\/\/eldiariodesanpedro.com.ar\/sitio\/wp-json\/wp\/v2\/posts\/106819\/revisions"}],"predecessor-version":[{"id":106821,"href":"https:\/\/eldiariodesanpedro.com.ar\/sitio\/wp-json\/wp\/v2\/posts\/106819\/revisions\/106821"}],"wp:featuredmedia":[{"embeddable":true,"href":"https:\/\/eldiariodesanpedro.com.ar\/sitio\/wp-json\/wp\/v2\/media\/106820"}],"wp:attachment":[{"href":"https:\/\/eldiariodesanpedro.com.ar\/sitio\/wp-json\/wp\/v2\/media?parent=106819"}],"wp:term":[{"taxonomy":"category","embeddable":true,"href":"https:\/\/eldiariodesanpedro.com.ar\/sitio\/wp-json\/wp\/v2\/categories?post=106819"},{"taxonomy":"post_tag","embeddable":true,"href":"https:\/\/eldiariodesanpedro.com.ar\/sitio\/wp-json\/wp\/v2\/tags?post=106819"}],"curies":[{"name":"wp","href":"https:\/\/api.w.org\/{rel}","templated":true}]}}