{"id":106817,"date":"2022-05-09T12:48:56","date_gmt":"2022-05-09T15:48:56","guid":{"rendered":"https:\/\/eldiariodesanpedro.com.ar\/sitio\/?p=106817"},"modified":"2022-05-09T12:48:56","modified_gmt":"2022-05-09T15:48:56","slug":"lo-choco-lo-amenazo-y-ademas-se-dio-a-la-fuga","status":"publish","type":"post","link":"https:\/\/eldiariodesanpedro.com.ar\/sitio\/lo-choco-lo-amenazo-y-ademas-se-dio-a-la-fuga\/","title":{"rendered":"Lo choc\u00f3, lo amenaz\u00f3 y adem\u00e1s se dio a la fuga"},"content":{"rendered":"<!-- VideographyWP Plugin Message: Automatic video embedding prevented by plugin options. -->\n\n<p>Este domingo en horas de la tarde noche en la comisar\u00eda local se denunci\u00f3 un ciudadano de 40 a\u00f1os , que en el mismo d\u00eda promediando las 18 hs. iba circulando por calle Lucio Mansilla a bordo de su autom\u00f3vil donde al llegar a la intersecci\u00f3n con arteria Ituzaing\u00f3, donde una camioneta tipo pick up circulaba mismo sentido delante de \u00e9l conducida por un masculino, que realiza una maniobra peligrosa produciendo un frenado repentino, ocasionado da\u00f1os en el paragolpes frontal del denunciante.<\/p>\n\n\n\n<p>Donde ambos conductores descienden de los rodados para luego el masculino referirse a amenazas verbales de muerte manifestando que la culpa no era suya, no aportando datos filiatorios para intercambiar seguros y darse a la fuga al instante.<\/p>\n","protected":false},"excerpt":{"rendered":"<p>Este domingo en horas de la tarde noche en la comisar\u00eda local se denunci\u00f3 un ciudadano de 40 a\u00f1os , que en el mismo d\u00eda promediando las 18 hs. iba circulando por calle Lucio Mansilla a bordo de su autom\u00f3vil donde al llegar a la intersecci\u00f3n con arteria Ituzaing\u00f3, donde una camioneta tipo pick up [&hellip;]<\/p>\n","protected":false},"author":4,"featured_media":77860,"comment_status":"closed","ping_status":"closed","sticky":false,"template":"","format":"standard","meta":{"om_disable_all_campaigns":false,"_jetpack_memberships_contains_paid_content":false,"footnotes":""},"categories":[2,103],"tags":[197,696,95,19],"class_list":["post-106817","post","type-post","status-publish","format-standard","has-post-thumbnail","hentry","category-locales","category-policiales-locales","tag-buenos-aires","tag-interes-general","tag-policiales","tag-san-pedro"],"aioseo_notices":[],"gutentor_comment":0,"jetpack_featured_media_url":"https:\/\/eldiariodesanpedro.com.ar\/sitio\/wp-content\/uploads\/2020\/07\/000085506.jpg","jetpack_shortlink":"https:\/\/wp.me\/p6RhLt-rMR","jetpack_sharing_enabled":true,"_links":{"self":[{"href":"https:\/\/eldiariodesanpedro.com.ar\/sitio\/wp-json\/wp\/v2\/posts\/106817","targetHints":{"allow":["GET"]}}],"collection":[{"href":"https:\/\/eldiariodesanpedro.com.ar\/sitio\/wp-json\/wp\/v2\/posts"}],"about":[{"href":"https:\/\/eldiariodesanpedro.com.ar\/sitio\/wp-json\/wp\/v2\/types\/post"}],"author":[{"embeddable":true,"href":"https:\/\/eldiariodesanpedro.com.ar\/sitio\/wp-json\/wp\/v2\/users\/4"}],"replies":[{"embeddable":true,"href":"https:\/\/eldiariodesanpedro.com.ar\/sitio\/wp-json\/wp\/v2\/comments?post=106817"}],"version-history":[{"count":1,"href":"https:\/\/eldiariodesanpedro.com.ar\/sitio\/wp-json\/wp\/v2\/posts\/106817\/revisions"}],"predecessor-version":[{"id":106818,"href":"https:\/\/eldiariodesanpedro.com.ar\/sitio\/wp-json\/wp\/v2\/posts\/106817\/revisions\/106818"}],"wp:featuredmedia":[{"embeddable":true,"href":"https:\/\/eldiariodesanpedro.com.ar\/sitio\/wp-json\/wp\/v2\/media\/77860"}],"wp:attachment":[{"href":"https:\/\/eldiariodesanpedro.com.ar\/sitio\/wp-json\/wp\/v2\/media?parent=106817"}],"wp:term":[{"taxonomy":"category","embeddable":true,"href":"https:\/\/eldiariodesanpedro.com.ar\/sitio\/wp-json\/wp\/v2\/categories?post=106817"},{"taxonomy":"post_tag","embeddable":true,"href":"https:\/\/eldiariodesanpedro.com.ar\/sitio\/wp-json\/wp\/v2\/tags?post=106817"}],"curies":[{"name":"wp","href":"https:\/\/api.w.org\/{rel}","templated":true}]}}