{"id":106815,"date":"2022-05-09T12:33:23","date_gmt":"2022-05-09T15:33:23","guid":{"rendered":"https:\/\/eldiariodesanpedro.com.ar\/sitio\/?p=106815"},"modified":"2022-05-09T12:33:23","modified_gmt":"2022-05-09T15:33:23","slug":"se-retiro-de-su-casa-y-cuando-volvio-constato-que-le-entraron-a-robar","status":"publish","type":"post","link":"https:\/\/eldiariodesanpedro.com.ar\/sitio\/se-retiro-de-su-casa-y-cuando-volvio-constato-que-le-entraron-a-robar\/","title":{"rendered":"Se retir\u00f3 de su casa y cuando volvi\u00f3 constat\u00f3 que le entraron a robar"},"content":{"rendered":"<!-- VideographyWP Plugin Message: Automatic video embedding prevented by plugin options. -->\n\n<p>En la jornada de ayer se realiz\u00f3 una denuncia en la comisar\u00eda local por un hecho donde delincuentes ingresaron a una vivienda y sustrajeron varios elementos de valor.<br>la denuncia fue radicada este este domingo por parte de una mujer de 32 a\u00f1os , que en el d\u00eda de s\u00e1bado en horas de la madrugada no precisando horario, se retira de su domicilio de la calle Ruiz Moreno Bis N\u00b03200 aproximadamente y al regresar promediando las 17:00 horas constata que ignorados tras violentar puerta de ingreso sustraen una garrafa de 10 kilos y dem\u00e1s elementos.<\/p>\n","protected":false},"excerpt":{"rendered":"<p>En la jornada de ayer se realiz\u00f3 una denuncia en la comisar\u00eda local por un hecho donde delincuentes ingresaron a una vivienda y sustrajeron varios elementos de valor.la denuncia fue radicada este este domingo por parte de una mujer de 32 a\u00f1os , que en el d\u00eda de s\u00e1bado en horas de la madrugada no [&hellip;]<\/p>\n","protected":false},"author":4,"featured_media":78843,"comment_status":"closed","ping_status":"closed","sticky":false,"template":"","format":"standard","meta":{"om_disable_all_campaigns":false,"_jetpack_memberships_contains_paid_content":false,"footnotes":""},"categories":[2,103],"tags":[197,33,95,19],"class_list":["post-106815","post","type-post","status-publish","format-standard","has-post-thumbnail","hentry","category-locales","category-policiales-locales","tag-buenos-aires","tag-locales","tag-policiales","tag-san-pedro"],"aioseo_notices":[],"gutentor_comment":0,"jetpack_featured_media_url":"https:\/\/eldiariodesanpedro.com.ar\/sitio\/wp-content\/uploads\/2020\/08\/0.jpg","jetpack_shortlink":"https:\/\/wp.me\/p6RhLt-rMP","jetpack_sharing_enabled":true,"_links":{"self":[{"href":"https:\/\/eldiariodesanpedro.com.ar\/sitio\/wp-json\/wp\/v2\/posts\/106815","targetHints":{"allow":["GET"]}}],"collection":[{"href":"https:\/\/eldiariodesanpedro.com.ar\/sitio\/wp-json\/wp\/v2\/posts"}],"about":[{"href":"https:\/\/eldiariodesanpedro.com.ar\/sitio\/wp-json\/wp\/v2\/types\/post"}],"author":[{"embeddable":true,"href":"https:\/\/eldiariodesanpedro.com.ar\/sitio\/wp-json\/wp\/v2\/users\/4"}],"replies":[{"embeddable":true,"href":"https:\/\/eldiariodesanpedro.com.ar\/sitio\/wp-json\/wp\/v2\/comments?post=106815"}],"version-history":[{"count":1,"href":"https:\/\/eldiariodesanpedro.com.ar\/sitio\/wp-json\/wp\/v2\/posts\/106815\/revisions"}],"predecessor-version":[{"id":106816,"href":"https:\/\/eldiariodesanpedro.com.ar\/sitio\/wp-json\/wp\/v2\/posts\/106815\/revisions\/106816"}],"wp:featuredmedia":[{"embeddable":true,"href":"https:\/\/eldiariodesanpedro.com.ar\/sitio\/wp-json\/wp\/v2\/media\/78843"}],"wp:attachment":[{"href":"https:\/\/eldiariodesanpedro.com.ar\/sitio\/wp-json\/wp\/v2\/media?parent=106815"}],"wp:term":[{"taxonomy":"category","embeddable":true,"href":"https:\/\/eldiariodesanpedro.com.ar\/sitio\/wp-json\/wp\/v2\/categories?post=106815"},{"taxonomy":"post_tag","embeddable":true,"href":"https:\/\/eldiariodesanpedro.com.ar\/sitio\/wp-json\/wp\/v2\/tags?post=106815"}],"curies":[{"name":"wp","href":"https:\/\/api.w.org\/{rel}","templated":true}]}}