{"id":106811,"date":"2022-05-09T12:22:38","date_gmt":"2022-05-09T15:22:38","guid":{"rendered":"https:\/\/eldiariodesanpedro.com.ar\/sitio\/?p=106811"},"modified":"2022-05-09T12:22:39","modified_gmt":"2022-05-09T15:22:39","slug":"inauguracion-del-local-del-partido-justicialista-en-san-pedro","status":"publish","type":"post","link":"https:\/\/eldiariodesanpedro.com.ar\/sitio\/inauguracion-del-local-del-partido-justicialista-en-san-pedro\/","title":{"rendered":"Inauguraci\u00f3n del local del Partido Justicialista en San Pedro"},"content":{"rendered":"<!-- VideographyWP Plugin Message: Automatic video embedding prevented by plugin options. -->\n\n<p>Anoche se realiz\u00f3 el acto de apertura del nuevo local partidario, ubicado en Ruiz Moreno 135, en el mismo, adem\u00e1s de miembros activos del Consejo del Partido y Congresales, se hicieron presentes funcionarios locales, provinciales y nacionales.<br>En el mismo inicialmente tom\u00f3 la palabra el Vicepresidente del PJ local, Horacio Azzoni, donde agradeci\u00f3 el trabajo realizado por los j\u00f3venes, que estuvieron trabajando arduamente durante un mes y medio para la reforma y embellecimiento del local partidario, como as\u00ed tambi\u00e9n informar, que a la brevedad, tal cual se prometi\u00f3 en el acto de apertura, se comenzar\u00e1 con la afiliaci\u00f3n para que todos los compa\u00f1eros y compa\u00f1eras se encuentren afiliados.<br>Posteriormente y para finalizar, tom\u00f3 la palabra, el presidente Nelson Vlaeminck, el cual agradeci\u00f3 la presencia de todos los presentes y del trabajo realizado en el local inaugurado, y apost\u00f3 con continuar la militancia y la unidad que se logro de todos los sectores peronista.-<\/p>\n\n\n\n<figure class=\"wp-block-image size-full\"><img decoding=\"async\" width=\"473\" height=\"630\" data-attachment-id=\"106813\" data-permalink=\"https:\/\/eldiariodesanpedro.com.ar\/sitio\/inauguracion-del-local-del-partido-justicialista-en-san-pedro\/280026270_123540036991435_7222544048441193940_n\/\" data-orig-file=\"https:\/\/eldiariodesanpedro.com.ar\/sitio\/wp-content\/uploads\/2022\/05\/280026270_123540036991435_7222544048441193940_n.jpg\" data-orig-size=\"473,630\" data-comments-opened=\"0\" data-image-meta=\"{&quot;aperture&quot;:&quot;0&quot;,&quot;credit&quot;:&quot;&quot;,&quot;camera&quot;:&quot;&quot;,&quot;caption&quot;:&quot;&quot;,&quot;created_timestamp&quot;:&quot;0&quot;,&quot;copyright&quot;:&quot;&quot;,&quot;focal_length&quot;:&quot;0&quot;,&quot;iso&quot;:&quot;0&quot;,&quot;shutter_speed&quot;:&quot;0&quot;,&quot;title&quot;:&quot;&quot;,&quot;orientation&quot;:&quot;0&quot;}\" data-image-title=\"280026270_123540036991435_7222544048441193940_n\" data-image-description=\"\" data-image-caption=\"\" data-large-file=\"https:\/\/eldiariodesanpedro.com.ar\/sitio\/wp-content\/uploads\/2022\/05\/280026270_123540036991435_7222544048441193940_n.jpg\" data-src=\"https:\/\/eldiariodesanpedro.com.ar\/sitio\/wp-content\/uploads\/2022\/05\/280026270_123540036991435_7222544048441193940_n.jpg\" alt=\"\" class=\"wp-image-106813 lazyload\" data-srcset=\"https:\/\/eldiariodesanpedro.com.ar\/sitio\/wp-content\/uploads\/2022\/05\/280026270_123540036991435_7222544048441193940_n.jpg 473w, https:\/\/eldiariodesanpedro.com.ar\/sitio\/wp-content\/uploads\/2022\/05\/280026270_123540036991435_7222544048441193940_n-225x300.jpg 225w\" data-sizes=\"(max-width: 473px) 100vw, 473px\" src=\"data:image\/svg+xml;base64,PHN2ZyB3aWR0aD0iMSIgaGVpZ2h0PSIxIiB4bWxucz0iaHR0cDovL3d3dy53My5vcmcvMjAwMC9zdmciPjwvc3ZnPg==\" style=\"--smush-placeholder-width: 473px; --smush-placeholder-aspect-ratio: 473\/630;\" \/><\/figure>\n","protected":false},"excerpt":{"rendered":"<p>Anoche se realiz\u00f3 el acto de apertura del nuevo local partidario, ubicado en Ruiz Moreno 135, en el mismo, adem\u00e1s de miembros activos del Consejo del Partido y Congresales, se hicieron presentes funcionarios locales, provinciales y nacionales.En el mismo inicialmente tom\u00f3 la palabra el Vicepresidente del PJ local, Horacio Azzoni, donde agradeci\u00f3 el trabajo realizado [&hellip;]<\/p>\n","protected":false},"author":4,"featured_media":106812,"comment_status":"closed","ping_status":"closed","sticky":false,"template":"","format":"standard","meta":{"om_disable_all_campaigns":false,"_jetpack_memberships_contains_paid_content":false,"footnotes":""},"categories":[50,101,2],"tags":[197,2862,696,33,19],"class_list":["post-106811","post","type-post","status-publish","format-standard","has-post-thumbnail","hentry","category-destacadas","category-interes-general-locales","category-locales","tag-buenos-aires","tag-inauguracion-del-local-del-partido-justicialista-en-san-pedro","tag-interes-general","tag-locales","tag-san-pedro"],"aioseo_notices":[],"gutentor_comment":0,"jetpack_featured_media_url":"https:\/\/eldiariodesanpedro.com.ar\/sitio\/wp-content\/uploads\/2022\/05\/Sin-titulo-2.jpg","jetpack_shortlink":"https:\/\/wp.me\/p6RhLt-rML","jetpack_sharing_enabled":true,"_links":{"self":[{"href":"https:\/\/eldiariodesanpedro.com.ar\/sitio\/wp-json\/wp\/v2\/posts\/106811","targetHints":{"allow":["GET"]}}],"collection":[{"href":"https:\/\/eldiariodesanpedro.com.ar\/sitio\/wp-json\/wp\/v2\/posts"}],"about":[{"href":"https:\/\/eldiariodesanpedro.com.ar\/sitio\/wp-json\/wp\/v2\/types\/post"}],"author":[{"embeddable":true,"href":"https:\/\/eldiariodesanpedro.com.ar\/sitio\/wp-json\/wp\/v2\/users\/4"}],"replies":[{"embeddable":true,"href":"https:\/\/eldiariodesanpedro.com.ar\/sitio\/wp-json\/wp\/v2\/comments?post=106811"}],"version-history":[{"count":1,"href":"https:\/\/eldiariodesanpedro.com.ar\/sitio\/wp-json\/wp\/v2\/posts\/106811\/revisions"}],"predecessor-version":[{"id":106814,"href":"https:\/\/eldiariodesanpedro.com.ar\/sitio\/wp-json\/wp\/v2\/posts\/106811\/revisions\/106814"}],"wp:featuredmedia":[{"embeddable":true,"href":"https:\/\/eldiariodesanpedro.com.ar\/sitio\/wp-json\/wp\/v2\/media\/106812"}],"wp:attachment":[{"href":"https:\/\/eldiariodesanpedro.com.ar\/sitio\/wp-json\/wp\/v2\/media?parent=106811"}],"wp:term":[{"taxonomy":"category","embeddable":true,"href":"https:\/\/eldiariodesanpedro.com.ar\/sitio\/wp-json\/wp\/v2\/categories?post=106811"},{"taxonomy":"post_tag","embeddable":true,"href":"https:\/\/eldiariodesanpedro.com.ar\/sitio\/wp-json\/wp\/v2\/tags?post=106811"}],"curies":[{"name":"wp","href":"https:\/\/api.w.org\/{rel}","templated":true}]}}