{"id":106808,"date":"2022-05-09T11:19:31","date_gmt":"2022-05-09T14:19:31","guid":{"rendered":"https:\/\/eldiariodesanpedro.com.ar\/sitio\/?p=106808"},"modified":"2022-05-09T11:19:36","modified_gmt":"2022-05-09T14:19:36","slug":"tras-un-choque-un-vecino-le-habria-robado-una-bicicleta","status":"publish","type":"post","link":"https:\/\/eldiariodesanpedro.com.ar\/sitio\/tras-un-choque-un-vecino-le-habria-robado-una-bicicleta\/","title":{"rendered":"Tras un choque un vecino le habr\u00eda robado una bicicleta"},"content":{"rendered":"<!-- VideographyWP Plugin Message: Automatic video embedding prevented by plugin options. -->\n\n<p>Tras sufrir un accidente le dej\u00f3 la bicicleta a un vecino mientras fue trasladado al hospital y luego no pudo dar con la misma.<br>Este s\u00e1bado en horas de la tarde, denunci\u00f3 un ciudadano de 29 a\u00f1os de edad, que el d\u00eda jueves pasado, siendo aproximadamente las 17 horas, luego de haber sufrido un accidente de tr\u00e1nsito en Salta y Rafael Obligado, deja su bicicleta al resguardo de un vecino mientras es trasladado al Hospital local, posteriormente al regresar al lugar del hecho no logra dar con el ciudadano, no teniendo alguna otra novedad de su bicicleta.<\/p>\n","protected":false},"excerpt":{"rendered":"<p>Tras sufrir un accidente le dej\u00f3 la bicicleta a un vecino mientras fue trasladado al hospital y luego no pudo dar con la misma.Este s\u00e1bado en horas de la tarde, denunci\u00f3 un ciudadano de 29 a\u00f1os de edad, que el d\u00eda jueves pasado, siendo aproximadamente las 17 horas, luego de haber sufrido un accidente de [&hellip;]<\/p>\n","protected":false},"author":4,"featured_media":77910,"comment_status":"closed","ping_status":"closed","sticky":false,"template":"","format":"standard","meta":{"om_disable_all_campaigns":false,"_jetpack_memberships_contains_paid_content":false,"footnotes":""},"categories":[2,103],"tags":[197,33,95,19],"class_list":["post-106808","post","type-post","status-publish","format-standard","has-post-thumbnail","hentry","category-locales","category-policiales-locales","tag-buenos-aires","tag-locales","tag-policiales","tag-san-pedro"],"aioseo_notices":[],"gutentor_comment":0,"jetpack_featured_media_url":"https:\/\/eldiariodesanpedro.com.ar\/sitio\/wp-content\/uploads\/2020\/07\/no_ssowqejple3k931nop1c56465t83uu31kc3o1tm219bh1_1_.jpg","jetpack_shortlink":"https:\/\/wp.me\/p6RhLt-rMI","jetpack_sharing_enabled":true,"_links":{"self":[{"href":"https:\/\/eldiariodesanpedro.com.ar\/sitio\/wp-json\/wp\/v2\/posts\/106808","targetHints":{"allow":["GET"]}}],"collection":[{"href":"https:\/\/eldiariodesanpedro.com.ar\/sitio\/wp-json\/wp\/v2\/posts"}],"about":[{"href":"https:\/\/eldiariodesanpedro.com.ar\/sitio\/wp-json\/wp\/v2\/types\/post"}],"author":[{"embeddable":true,"href":"https:\/\/eldiariodesanpedro.com.ar\/sitio\/wp-json\/wp\/v2\/users\/4"}],"replies":[{"embeddable":true,"href":"https:\/\/eldiariodesanpedro.com.ar\/sitio\/wp-json\/wp\/v2\/comments?post=106808"}],"version-history":[{"count":2,"href":"https:\/\/eldiariodesanpedro.com.ar\/sitio\/wp-json\/wp\/v2\/posts\/106808\/revisions"}],"predecessor-version":[{"id":106810,"href":"https:\/\/eldiariodesanpedro.com.ar\/sitio\/wp-json\/wp\/v2\/posts\/106808\/revisions\/106810"}],"wp:featuredmedia":[{"embeddable":true,"href":"https:\/\/eldiariodesanpedro.com.ar\/sitio\/wp-json\/wp\/v2\/media\/77910"}],"wp:attachment":[{"href":"https:\/\/eldiariodesanpedro.com.ar\/sitio\/wp-json\/wp\/v2\/media?parent=106808"}],"wp:term":[{"taxonomy":"category","embeddable":true,"href":"https:\/\/eldiariodesanpedro.com.ar\/sitio\/wp-json\/wp\/v2\/categories?post=106808"},{"taxonomy":"post_tag","embeddable":true,"href":"https:\/\/eldiariodesanpedro.com.ar\/sitio\/wp-json\/wp\/v2\/tags?post=106808"}],"curies":[{"name":"wp","href":"https:\/\/api.w.org\/{rel}","templated":true}]}}