{"id":106805,"date":"2022-05-09T11:10:05","date_gmt":"2022-05-09T14:10:05","guid":{"rendered":"https:\/\/eldiariodesanpedro.com.ar\/sitio\/?p=106805"},"modified":"2022-05-09T11:12:31","modified_gmt":"2022-05-09T14:12:31","slug":"denuncia-por-amenazas-tras-un-choque-para-que-se-haga-cargo-de-los-danos%ef%bf%bc","status":"publish","type":"post","link":"https:\/\/eldiariodesanpedro.com.ar\/sitio\/denuncia-por-amenazas-tras-un-choque-para-que-se-haga-cargo-de-los-danos%ef%bf%bc\/","title":{"rendered":"Denuncia por amenazas tras un choque para que se haga cargo de los da\u00f1os\ufffc"},"content":{"rendered":"<!-- VideographyWP Plugin Message: Automatic video embedding prevented by plugin options. -->\n\n<p>Este sabdo siendo la 15 horas, denunci\u00f3 una persona de sexo femenino de 59 a\u00f1os de edad, que es amenazada telef\u00f3nicamente por parte de otra mujer con quien el d\u00eda jueves pasado tuvo un accidente de tr\u00e1nsito sin lesionados.\u00a0<\/p>\n\n\n\n<p>Ya que pretende que denunciante le realice el pago del da\u00f1o del impacto, porque la otra parte involucrada no posee seguro en el rodado.<\/p>\n","protected":false},"excerpt":{"rendered":"<p>Este sabdo siendo la 15 horas, denunci\u00f3 una persona de sexo femenino de 59 a\u00f1os de edad, que es amenazada telef\u00f3nicamente por parte de otra mujer con quien el d\u00eda jueves pasado tuvo un accidente de tr\u00e1nsito sin lesionados.\u00a0 Ya que pretende que denunciante le realice el pago del da\u00f1o del impacto, porque la otra [&hellip;]<\/p>\n","protected":false},"author":4,"featured_media":45394,"comment_status":"closed","ping_status":"closed","sticky":false,"template":"","format":"standard","meta":{"om_disable_all_campaigns":false,"_jetpack_memberships_contains_paid_content":false,"footnotes":""},"categories":[2,103],"tags":[197,33,95,19],"class_list":["post-106805","post","type-post","status-publish","format-standard","has-post-thumbnail","hentry","category-locales","category-policiales-locales","tag-buenos-aires","tag-locales","tag-policiales","tag-san-pedro"],"aioseo_notices":[],"gutentor_comment":0,"jetpack_featured_media_url":"https:\/\/eldiariodesanpedro.com.ar\/sitio\/wp-content\/uploads\/2019\/01\/comisaria.jpg","jetpack_shortlink":"https:\/\/wp.me\/p6RhLt-rMF","jetpack_sharing_enabled":true,"_links":{"self":[{"href":"https:\/\/eldiariodesanpedro.com.ar\/sitio\/wp-json\/wp\/v2\/posts\/106805","targetHints":{"allow":["GET"]}}],"collection":[{"href":"https:\/\/eldiariodesanpedro.com.ar\/sitio\/wp-json\/wp\/v2\/posts"}],"about":[{"href":"https:\/\/eldiariodesanpedro.com.ar\/sitio\/wp-json\/wp\/v2\/types\/post"}],"author":[{"embeddable":true,"href":"https:\/\/eldiariodesanpedro.com.ar\/sitio\/wp-json\/wp\/v2\/users\/4"}],"replies":[{"embeddable":true,"href":"https:\/\/eldiariodesanpedro.com.ar\/sitio\/wp-json\/wp\/v2\/comments?post=106805"}],"version-history":[{"count":2,"href":"https:\/\/eldiariodesanpedro.com.ar\/sitio\/wp-json\/wp\/v2\/posts\/106805\/revisions"}],"predecessor-version":[{"id":106807,"href":"https:\/\/eldiariodesanpedro.com.ar\/sitio\/wp-json\/wp\/v2\/posts\/106805\/revisions\/106807"}],"wp:featuredmedia":[{"embeddable":true,"href":"https:\/\/eldiariodesanpedro.com.ar\/sitio\/wp-json\/wp\/v2\/media\/45394"}],"wp:attachment":[{"href":"https:\/\/eldiariodesanpedro.com.ar\/sitio\/wp-json\/wp\/v2\/media?parent=106805"}],"wp:term":[{"taxonomy":"category","embeddable":true,"href":"https:\/\/eldiariodesanpedro.com.ar\/sitio\/wp-json\/wp\/v2\/categories?post=106805"},{"taxonomy":"post_tag","embeddable":true,"href":"https:\/\/eldiariodesanpedro.com.ar\/sitio\/wp-json\/wp\/v2\/tags?post=106805"}],"curies":[{"name":"wp","href":"https:\/\/api.w.org\/{rel}","templated":true}]}}