{"id":106803,"date":"2022-05-09T11:02:28","date_gmt":"2022-05-09T14:02:28","guid":{"rendered":"https:\/\/eldiariodesanpedro.com.ar\/sitio\/?p=106803"},"modified":"2022-05-09T11:02:28","modified_gmt":"2022-05-09T14:02:28","slug":"robaron-una-mochila-en-un-salon-de-eventos%ef%bf%bc","status":"publish","type":"post","link":"https:\/\/eldiariodesanpedro.com.ar\/sitio\/robaron-una-mochila-en-un-salon-de-eventos%ef%bf%bc\/","title":{"rendered":"Robaron una mochila en un sal\u00f3n de eventos\ufffc"},"content":{"rendered":"<!-- VideographyWP Plugin Message: Automatic video embedding prevented by plugin options. -->\n\n<p>Este s\u00e1bado por la ma\u00f1ana denunci\u00f3 un ciudadano de 44 a\u00f1os de edad, que en horas de la madrugada su hija de 17 a\u00f1os se encontraba en sal\u00f3n de eventos ubicado en Ruta Provincial al 191 Km 6,5 San Pedro dejando una billetera y tel\u00e9fono celular en una mochila y al buscarla constata que autores ignorados se la hab\u00edan sustra\u00eddo.\u00a0<\/p>\n","protected":false},"excerpt":{"rendered":"<p>Este s\u00e1bado por la ma\u00f1ana denunci\u00f3 un ciudadano de 44 a\u00f1os de edad, que en horas de la madrugada su hija de 17 a\u00f1os se encontraba en sal\u00f3n de eventos ubicado en Ruta Provincial al 191 Km 6,5 San Pedro dejando una billetera y tel\u00e9fono celular en una mochila y al buscarla constata que autores [&hellip;]<\/p>\n","protected":false},"author":4,"featured_media":103679,"comment_status":"closed","ping_status":"closed","sticky":false,"template":"","format":"standard","meta":{"om_disable_all_campaigns":false,"_jetpack_memberships_contains_paid_content":false,"footnotes":""},"categories":[2,103],"tags":[197,33,95,19],"class_list":["post-106803","post","type-post","status-publish","format-standard","has-post-thumbnail","hentry","category-locales","category-policiales-locales","tag-buenos-aires","tag-locales","tag-policiales","tag-san-pedro"],"aioseo_notices":[],"gutentor_comment":0,"jetpack_featured_media_url":"https:\/\/eldiariodesanpedro.com.ar\/sitio\/wp-content\/uploads\/2022\/02\/comisaria_san_pedro.jpg","jetpack_shortlink":"https:\/\/wp.me\/p6RhLt-rMD","jetpack_sharing_enabled":true,"_links":{"self":[{"href":"https:\/\/eldiariodesanpedro.com.ar\/sitio\/wp-json\/wp\/v2\/posts\/106803","targetHints":{"allow":["GET"]}}],"collection":[{"href":"https:\/\/eldiariodesanpedro.com.ar\/sitio\/wp-json\/wp\/v2\/posts"}],"about":[{"href":"https:\/\/eldiariodesanpedro.com.ar\/sitio\/wp-json\/wp\/v2\/types\/post"}],"author":[{"embeddable":true,"href":"https:\/\/eldiariodesanpedro.com.ar\/sitio\/wp-json\/wp\/v2\/users\/4"}],"replies":[{"embeddable":true,"href":"https:\/\/eldiariodesanpedro.com.ar\/sitio\/wp-json\/wp\/v2\/comments?post=106803"}],"version-history":[{"count":1,"href":"https:\/\/eldiariodesanpedro.com.ar\/sitio\/wp-json\/wp\/v2\/posts\/106803\/revisions"}],"predecessor-version":[{"id":106804,"href":"https:\/\/eldiariodesanpedro.com.ar\/sitio\/wp-json\/wp\/v2\/posts\/106803\/revisions\/106804"}],"wp:featuredmedia":[{"embeddable":true,"href":"https:\/\/eldiariodesanpedro.com.ar\/sitio\/wp-json\/wp\/v2\/media\/103679"}],"wp:attachment":[{"href":"https:\/\/eldiariodesanpedro.com.ar\/sitio\/wp-json\/wp\/v2\/media?parent=106803"}],"wp:term":[{"taxonomy":"category","embeddable":true,"href":"https:\/\/eldiariodesanpedro.com.ar\/sitio\/wp-json\/wp\/v2\/categories?post=106803"},{"taxonomy":"post_tag","embeddable":true,"href":"https:\/\/eldiariodesanpedro.com.ar\/sitio\/wp-json\/wp\/v2\/tags?post=106803"}],"curies":[{"name":"wp","href":"https:\/\/api.w.org\/{rel}","templated":true}]}}