{"id":106800,"date":"2022-05-09T10:26:40","date_gmt":"2022-05-09T13:26:40","guid":{"rendered":"https:\/\/eldiariodesanpedro.com.ar\/sitio\/?p=106800"},"modified":"2022-05-09T10:26:41","modified_gmt":"2022-05-09T13:26:41","slug":"llega-un-buque-al-puerto-local-para-trasladar-trigo-a-brasil%ef%bf%bc","status":"publish","type":"post","link":"https:\/\/eldiariodesanpedro.com.ar\/sitio\/llega-un-buque-al-puerto-local-para-trasladar-trigo-a-brasil%ef%bf%bc\/","title":{"rendered":"Llega un buque al puerto local para trasladar trigo a Brasil\ufffc"},"content":{"rendered":"<!-- VideographyWP Plugin Message: Automatic video embedding prevented by plugin options. -->\n\n<p>La Gesti\u00f3n del Puerto de San Pedro en la jornada de hoy inform\u00f3 la llegada de un buque denominado Western London con procedencia de Brasil y que cargar\u00e1 Trigo a granel para trasladar a Brasil.&nbsp;<\/p>\n\n\n\n<p>BUQUE:\u00a0 WESTERN LONDON <br>BANDERA: MANILA <br>ESLORA:\u00a0 179.90 M <br>PROCEDENCIA:\u00a0 R\u00cdO GRANDE &#8211; BRASIL <br>MUELLE: ELEVADOR <br>AMARRE ESTIMADO:\u00a0 09 &#8211;\u00a0 05 &#8211;\u00a0 22 AM <br>MERCADERIA:\u00a0 33.000 TONELADAS DE TRIGO A GRANEL. <br>DESTINO: BRASIL<\/p>\n","protected":false},"excerpt":{"rendered":"<p>La Gesti\u00f3n del Puerto de San Pedro en la jornada de hoy inform\u00f3 la llegada de un buque denominado Western London con procedencia de Brasil y que cargar\u00e1 Trigo a granel para trasladar a Brasil.&nbsp; BUQUE:\u00a0 WESTERN LONDON BANDERA: MANILA ESLORA:\u00a0 179.90 M PROCEDENCIA:\u00a0 R\u00cdO GRANDE &#8211; BRASIL MUELLE: ELEVADOR AMARRE ESTIMADO:\u00a0 09 &#8211;\u00a0 05 [&hellip;]<\/p>\n","protected":false},"author":4,"featured_media":106801,"comment_status":"closed","ping_status":"closed","sticky":false,"template":"","format":"standard","meta":{"om_disable_all_campaigns":false,"_jetpack_memberships_contains_paid_content":false,"footnotes":""},"categories":[50,101,2],"tags":[197,696,33,19],"class_list":["post-106800","post","type-post","status-publish","format-standard","has-post-thumbnail","hentry","category-destacadas","category-interes-general-locales","category-locales","tag-buenos-aires","tag-interes-general","tag-locales","tag-san-pedro"],"aioseo_notices":[],"gutentor_comment":0,"jetpack_featured_media_url":"https:\/\/eldiariodesanpedro.com.ar\/sitio\/wp-content\/uploads\/2022\/05\/1-1.jpg","jetpack_shortlink":"https:\/\/wp.me\/p6RhLt-rMA","jetpack_sharing_enabled":true,"_links":{"self":[{"href":"https:\/\/eldiariodesanpedro.com.ar\/sitio\/wp-json\/wp\/v2\/posts\/106800","targetHints":{"allow":["GET"]}}],"collection":[{"href":"https:\/\/eldiariodesanpedro.com.ar\/sitio\/wp-json\/wp\/v2\/posts"}],"about":[{"href":"https:\/\/eldiariodesanpedro.com.ar\/sitio\/wp-json\/wp\/v2\/types\/post"}],"author":[{"embeddable":true,"href":"https:\/\/eldiariodesanpedro.com.ar\/sitio\/wp-json\/wp\/v2\/users\/4"}],"replies":[{"embeddable":true,"href":"https:\/\/eldiariodesanpedro.com.ar\/sitio\/wp-json\/wp\/v2\/comments?post=106800"}],"version-history":[{"count":1,"href":"https:\/\/eldiariodesanpedro.com.ar\/sitio\/wp-json\/wp\/v2\/posts\/106800\/revisions"}],"predecessor-version":[{"id":106802,"href":"https:\/\/eldiariodesanpedro.com.ar\/sitio\/wp-json\/wp\/v2\/posts\/106800\/revisions\/106802"}],"wp:featuredmedia":[{"embeddable":true,"href":"https:\/\/eldiariodesanpedro.com.ar\/sitio\/wp-json\/wp\/v2\/media\/106801"}],"wp:attachment":[{"href":"https:\/\/eldiariodesanpedro.com.ar\/sitio\/wp-json\/wp\/v2\/media?parent=106800"}],"wp:term":[{"taxonomy":"category","embeddable":true,"href":"https:\/\/eldiariodesanpedro.com.ar\/sitio\/wp-json\/wp\/v2\/categories?post=106800"},{"taxonomy":"post_tag","embeddable":true,"href":"https:\/\/eldiariodesanpedro.com.ar\/sitio\/wp-json\/wp\/v2\/tags?post=106800"}],"curies":[{"name":"wp","href":"https:\/\/api.w.org\/{rel}","templated":true}]}}