{"id":106795,"date":"2022-05-09T10:19:04","date_gmt":"2022-05-09T13:19:04","guid":{"rendered":"https:\/\/eldiariodesanpedro.com.ar\/sitio\/?p=106795"},"modified":"2022-05-09T10:19:04","modified_gmt":"2022-05-09T13:19:04","slug":"frutos-de-la-tierra-y-el-rio-en-mayo-con-sabor-a-batata","status":"publish","type":"post","link":"https:\/\/eldiariodesanpedro.com.ar\/sitio\/frutos-de-la-tierra-y-el-rio-en-mayo-con-sabor-a-batata\/","title":{"rendered":"Frutos de la tierra y el r\u00edo, en mayo con sabor a batata"},"content":{"rendered":"<!-- VideographyWP Plugin Message: Automatic video embedding prevented by plugin options. -->\n\n<p>El 14 de mayo se realizar\u00e1 una nueva edici\u00f3n de la feria que honra el v\u00ednculo entre productor y consumidor. \u00c9sta vez estar\u00e1n acompa\u00f1ados por \u201cEl patio de la batata\u201d, una iniciativa que busca poner en valor este noble y tradicional producto de San Pedro. La feria ser\u00e1 entre las 10 y 18 hs, frente a la Plaza Constituci\u00f3n.<\/p>\n\n\n\n<p>Ser\u00e1 el segundo encuentro entre quienes producen y consumen, coincidiendo con la apertura de la semana de la miel, el evento que recuerda a esta altura del a\u00f1o las propiedades del manjar de las abejas. Huevos de gallinas libres de jaula para aprovisionarse y hacer contacto con quienes los producen en cercan\u00eda. Plantines de distinto tipo (ornamentales, arom\u00e1ticas), cactus y suculentas. Dulces cl\u00e1sicos y combinaciones \u00fanicas, pero siempre caseros. Prop\u00f3leos, cremas y dem\u00e1s productos de cosm\u00e9tica hechos con materiales naturales. Y las ya cl\u00e1sicas batatas de Ipomea de tres variedades, dando la bienvenida a una experiencia que propone explorar el apasionante mundo de la batata: su sabor, su identidad, la informaci\u00f3n nutricional y el contacto directo con los productores.<\/p>\n\n\n\n<p>La Feria est\u00e1 autorizada por ordenanza 6322\/18. La Asociaci\u00f3n Civil Frutos de la tierra y el r\u00edo. Matr\u00edcula N\u00b045129, Resoluci\u00f3n DPPJ 7109, Inscripci\u00f3n 04\/09\/2018.<\/p>\n\n\n\n<p><strong>El Patio de la batata<\/strong><br>Aprovechando la realizaci\u00f3n del evento cl\u00e1sico sampedrino, desde el Proyecto Local del INTA \u201cBatata de calidad sampedrina\u201d&nbsp; se abrir\u00e1 un patio con actividades durante todo el d\u00eda para conectar con el potencial de este noble, sabroso y nutritivo producto.<\/p>\n\n\n\n<p>El programa incluye un panel para que quien consume pueda participar de una experiencia de evaluaci\u00f3n sensorial de la batata en distintos cultivares por la ma\u00f1ana y evaluaci\u00f3n visual de la batata sin cocinar por la tarde. Adem\u00e1s, las especialistas en nutrici\u00f3n de la Secretar\u00eda de Salud de la Municipalidad\u00a0 Antonella Luzzi y Macarena Ansaloni, compartir\u00e1n muchas ideas \u00fatiles respecto de c\u00f3mo puede aportar la batata a una dieta saludable. Durante todo el d\u00eda habr\u00e1 cl\u00ednica productiva con t\u00e9cnicos sobre el cultivo de batata y mesas de intercambio producci\u00f3n\/consumidor. El emprendimiento gastron\u00f3mico La Caravana Food Truck, que estar\u00e1 ayudando en la implementaci\u00f3n de la evaluaci\u00f3n sensorial, tambi\u00e9n estar\u00e1 ofreciendo batata frita en distintos cultivares durante la jornada. Y para cerrar el c\u00edrculo, podr\u00e1 comprarse batata en tres variedades, de los productores del grupo\u00a0 \u201cIpomea\u201d.<\/p>\n\n\n\n<figure class=\"wp-block-image size-full\"><img decoding=\"async\" width=\"630\" height=\"630\" data-attachment-id=\"106796\" data-permalink=\"https:\/\/eldiariodesanpedro.com.ar\/sitio\/frutos-de-la-tierra-y-el-rio-en-mayo-con-sabor-a-batata\/unnamed-1-40\/\" data-orig-file=\"https:\/\/eldiariodesanpedro.com.ar\/sitio\/wp-content\/uploads\/2022\/05\/unnamed-1.jpg\" data-orig-size=\"630,630\" data-comments-opened=\"0\" data-image-meta=\"{&quot;aperture&quot;:&quot;0&quot;,&quot;credit&quot;:&quot;&quot;,&quot;camera&quot;:&quot;&quot;,&quot;caption&quot;:&quot;&quot;,&quot;created_timestamp&quot;:&quot;0&quot;,&quot;copyright&quot;:&quot;&quot;,&quot;focal_length&quot;:&quot;0&quot;,&quot;iso&quot;:&quot;0&quot;,&quot;shutter_speed&quot;:&quot;0&quot;,&quot;title&quot;:&quot;&quot;,&quot;orientation&quot;:&quot;0&quot;}\" data-image-title=\"unnamed (1)\" data-image-description=\"\" data-image-caption=\"\" data-large-file=\"https:\/\/eldiariodesanpedro.com.ar\/sitio\/wp-content\/uploads\/2022\/05\/unnamed-1.jpg\" data-src=\"https:\/\/eldiariodesanpedro.com.ar\/sitio\/wp-content\/uploads\/2022\/05\/unnamed-1.jpg\" alt=\"\" class=\"wp-image-106796 lazyload\" data-srcset=\"https:\/\/eldiariodesanpedro.com.ar\/sitio\/wp-content\/uploads\/2022\/05\/unnamed-1.jpg 630w, https:\/\/eldiariodesanpedro.com.ar\/sitio\/wp-content\/uploads\/2022\/05\/unnamed-1-300x300.jpg 300w, https:\/\/eldiariodesanpedro.com.ar\/sitio\/wp-content\/uploads\/2022\/05\/unnamed-1-150x150.jpg 150w\" data-sizes=\"(max-width: 630px) 100vw, 630px\" src=\"data:image\/svg+xml;base64,PHN2ZyB3aWR0aD0iMSIgaGVpZ2h0PSIxIiB4bWxucz0iaHR0cDovL3d3dy53My5vcmcvMjAwMC9zdmciPjwvc3ZnPg==\" style=\"--smush-placeholder-width: 630px; --smush-placeholder-aspect-ratio: 630\/630;\" \/><\/figure>\n\n\n\n<figure class=\"wp-block-image size-full\"><img decoding=\"async\" width=\"504\" height=\"630\" data-attachment-id=\"106797\" data-permalink=\"https:\/\/eldiariodesanpedro.com.ar\/sitio\/frutos-de-la-tierra-y-el-rio-en-mayo-con-sabor-a-batata\/unnamed-199\/\" data-orig-file=\"https:\/\/eldiariodesanpedro.com.ar\/sitio\/wp-content\/uploads\/2022\/05\/unnamed.jpg\" data-orig-size=\"504,630\" data-comments-opened=\"0\" data-image-meta=\"{&quot;aperture&quot;:&quot;0&quot;,&quot;credit&quot;:&quot;&quot;,&quot;camera&quot;:&quot;&quot;,&quot;caption&quot;:&quot;&quot;,&quot;created_timestamp&quot;:&quot;0&quot;,&quot;copyright&quot;:&quot;&quot;,&quot;focal_length&quot;:&quot;0&quot;,&quot;iso&quot;:&quot;0&quot;,&quot;shutter_speed&quot;:&quot;0&quot;,&quot;title&quot;:&quot;&quot;,&quot;orientation&quot;:&quot;0&quot;}\" data-image-title=\"unnamed\" data-image-description=\"\" data-image-caption=\"\" data-large-file=\"https:\/\/eldiariodesanpedro.com.ar\/sitio\/wp-content\/uploads\/2022\/05\/unnamed.jpg\" data-src=\"https:\/\/eldiariodesanpedro.com.ar\/sitio\/wp-content\/uploads\/2022\/05\/unnamed.jpg\" alt=\"\" class=\"wp-image-106797 lazyload\" data-srcset=\"https:\/\/eldiariodesanpedro.com.ar\/sitio\/wp-content\/uploads\/2022\/05\/unnamed.jpg 504w, https:\/\/eldiariodesanpedro.com.ar\/sitio\/wp-content\/uploads\/2022\/05\/unnamed-240x300.jpg 240w\" data-sizes=\"(max-width: 504px) 100vw, 504px\" src=\"data:image\/svg+xml;base64,PHN2ZyB3aWR0aD0iMSIgaGVpZ2h0PSIxIiB4bWxucz0iaHR0cDovL3d3dy53My5vcmcvMjAwMC9zdmciPjwvc3ZnPg==\" style=\"--smush-placeholder-width: 504px; --smush-placeholder-aspect-ratio: 504\/630;\" \/><\/figure>\n\n\n\n<figure class=\"wp-block-image size-full\"><img decoding=\"async\" width=\"445\" height=\"630\" data-attachment-id=\"106798\" data-permalink=\"https:\/\/eldiariodesanpedro.com.ar\/sitio\/frutos-de-la-tierra-y-el-rio-en-mayo-con-sabor-a-batata\/unnamed-200\/\" data-orig-file=\"https:\/\/eldiariodesanpedro.com.ar\/sitio\/wp-content\/uploads\/2022\/05\/unnamed-2.jpg\" data-orig-size=\"445,630\" data-comments-opened=\"0\" data-image-meta=\"{&quot;aperture&quot;:&quot;0&quot;,&quot;credit&quot;:&quot;&quot;,&quot;camera&quot;:&quot;&quot;,&quot;caption&quot;:&quot;&quot;,&quot;created_timestamp&quot;:&quot;0&quot;,&quot;copyright&quot;:&quot;&quot;,&quot;focal_length&quot;:&quot;0&quot;,&quot;iso&quot;:&quot;0&quot;,&quot;shutter_speed&quot;:&quot;0&quot;,&quot;title&quot;:&quot;&quot;,&quot;orientation&quot;:&quot;0&quot;}\" data-image-title=\"unnamed\" data-image-description=\"\" data-image-caption=\"\" data-large-file=\"https:\/\/eldiariodesanpedro.com.ar\/sitio\/wp-content\/uploads\/2022\/05\/unnamed-2.jpg\" data-src=\"https:\/\/eldiariodesanpedro.com.ar\/sitio\/wp-content\/uploads\/2022\/05\/unnamed-2.jpg\" alt=\"\" class=\"wp-image-106798 lazyload\" data-srcset=\"https:\/\/eldiariodesanpedro.com.ar\/sitio\/wp-content\/uploads\/2022\/05\/unnamed-2.jpg 445w, https:\/\/eldiariodesanpedro.com.ar\/sitio\/wp-content\/uploads\/2022\/05\/unnamed-2-212x300.jpg 212w\" data-sizes=\"(max-width: 445px) 100vw, 445px\" src=\"data:image\/svg+xml;base64,PHN2ZyB3aWR0aD0iMSIgaGVpZ2h0PSIxIiB4bWxucz0iaHR0cDovL3d3dy53My5vcmcvMjAwMC9zdmciPjwvc3ZnPg==\" style=\"--smush-placeholder-width: 445px; --smush-placeholder-aspect-ratio: 445\/630;\" \/><\/figure>\n","protected":false},"excerpt":{"rendered":"<p>El 14 de mayo se realizar\u00e1 una nueva edici\u00f3n de la feria que honra el v\u00ednculo entre productor y consumidor. \u00c9sta vez estar\u00e1n acompa\u00f1ados por \u201cEl patio de la batata\u201d, una iniciativa que busca poner en valor este noble y tradicional producto de San Pedro. La feria ser\u00e1 entre las 10 y 18 hs, frente [&hellip;]<\/p>\n","protected":false},"author":4,"featured_media":20842,"comment_status":"closed","ping_status":"closed","sticky":false,"template":"","format":"standard","meta":{"om_disable_all_campaigns":false,"_jetpack_memberships_contains_paid_content":false,"footnotes":""},"categories":[50,101,2],"tags":[197,696,33,19],"class_list":["post-106795","post","type-post","status-publish","format-standard","has-post-thumbnail","hentry","category-destacadas","category-interes-general-locales","category-locales","tag-buenos-aires","tag-interes-general","tag-locales","tag-san-pedro"],"aioseo_notices":[],"gutentor_comment":0,"jetpack_featured_media_url":"https:\/\/eldiariodesanpedro.com.ar\/sitio\/wp-content\/uploads\/2017\/07\/frutos-de-la-tierra-y-el-rio.jpg","jetpack_shortlink":"https:\/\/wp.me\/p6RhLt-rMv","jetpack_sharing_enabled":true,"_links":{"self":[{"href":"https:\/\/eldiariodesanpedro.com.ar\/sitio\/wp-json\/wp\/v2\/posts\/106795","targetHints":{"allow":["GET"]}}],"collection":[{"href":"https:\/\/eldiariodesanpedro.com.ar\/sitio\/wp-json\/wp\/v2\/posts"}],"about":[{"href":"https:\/\/eldiariodesanpedro.com.ar\/sitio\/wp-json\/wp\/v2\/types\/post"}],"author":[{"embeddable":true,"href":"https:\/\/eldiariodesanpedro.com.ar\/sitio\/wp-json\/wp\/v2\/users\/4"}],"replies":[{"embeddable":true,"href":"https:\/\/eldiariodesanpedro.com.ar\/sitio\/wp-json\/wp\/v2\/comments?post=106795"}],"version-history":[{"count":1,"href":"https:\/\/eldiariodesanpedro.com.ar\/sitio\/wp-json\/wp\/v2\/posts\/106795\/revisions"}],"predecessor-version":[{"id":106799,"href":"https:\/\/eldiariodesanpedro.com.ar\/sitio\/wp-json\/wp\/v2\/posts\/106795\/revisions\/106799"}],"wp:featuredmedia":[{"embeddable":true,"href":"https:\/\/eldiariodesanpedro.com.ar\/sitio\/wp-json\/wp\/v2\/media\/20842"}],"wp:attachment":[{"href":"https:\/\/eldiariodesanpedro.com.ar\/sitio\/wp-json\/wp\/v2\/media?parent=106795"}],"wp:term":[{"taxonomy":"category","embeddable":true,"href":"https:\/\/eldiariodesanpedro.com.ar\/sitio\/wp-json\/wp\/v2\/categories?post=106795"},{"taxonomy":"post_tag","embeddable":true,"href":"https:\/\/eldiariodesanpedro.com.ar\/sitio\/wp-json\/wp\/v2\/tags?post=106795"}],"curies":[{"name":"wp","href":"https:\/\/api.w.org\/{rel}","templated":true}]}}