{"id":106783,"date":"2022-05-09T09:55:36","date_gmt":"2022-05-09T12:55:36","guid":{"rendered":"https:\/\/eldiariodesanpedro.com.ar\/sitio\/?p=106783"},"modified":"2022-05-09T09:55:37","modified_gmt":"2022-05-09T12:55:37","slug":"el-intendente-convoco-a-una-reunion-de-gabinete-ampliado","status":"publish","type":"post","link":"https:\/\/eldiariodesanpedro.com.ar\/sitio\/el-intendente-convoco-a-una-reunion-de-gabinete-ampliado\/","title":{"rendered":"El Intendente convoc\u00f3 a una reuni\u00f3n de gabinete ampliado"},"content":{"rendered":"<!-- VideographyWP Plugin Message: Automatic video embedding prevented by plugin options. -->\n\n<p>El Intendente Municipal, Dr. Ram\u00f3n Salazar convoc\u00f3 el viernes por la tarde a una reuni\u00f3n de gabinete ampliada en su despacho. El encuentro fue pautado para compartir con todo el equipo una actualizaci\u00f3n de temas prioritarios de la gesti\u00f3n. Secretarios, directores y colaboradores de todas las \u00e1reas del gobierno municipal compartieron los lineamientos generales de esta nueva etapa, con mucho entusiasmo por los proyectos en marcha y los que desde cada sector se quieren impulsar.<\/p>\n\n\n\n<p>Desde la Secretar\u00eda de Gobierno ya se concretaron reuniones espec\u00edficas que continuar\u00e1n durante la pr\u00f3xima semana, recuperando adem\u00e1s la posibilidad de efectuar estos encuentros presenciales que se redujeron preventivamente durante las restricciones que impuso la Pandemia.<\/p>\n\n\n\n<figure class=\"wp-block-image size-full\"><img decoding=\"async\" width=\"945\" height=\"630\" data-attachment-id=\"106785\" data-permalink=\"https:\/\/eldiariodesanpedro.com.ar\/sitio\/el-intendente-convoco-a-una-reunion-de-gabinete-ampliado\/whatsapp-image-2022-05-08-at-11-25-19-am\/\" data-orig-file=\"https:\/\/eldiariodesanpedro.com.ar\/sitio\/wp-content\/uploads\/2022\/05\/WhatsApp-Image-2022-05-08-at-11.25.19-AM.jpeg\" data-orig-size=\"945,630\" data-comments-opened=\"0\" data-image-meta=\"{&quot;aperture&quot;:&quot;0&quot;,&quot;credit&quot;:&quot;&quot;,&quot;camera&quot;:&quot;&quot;,&quot;caption&quot;:&quot;&quot;,&quot;created_timestamp&quot;:&quot;0&quot;,&quot;copyright&quot;:&quot;&quot;,&quot;focal_length&quot;:&quot;0&quot;,&quot;iso&quot;:&quot;0&quot;,&quot;shutter_speed&quot;:&quot;0&quot;,&quot;title&quot;:&quot;&quot;,&quot;orientation&quot;:&quot;0&quot;}\" data-image-title=\"WhatsApp Image 2022-05-08 at 11.25.19 AM\" data-image-description=\"\" data-image-caption=\"\" data-large-file=\"https:\/\/eldiariodesanpedro.com.ar\/sitio\/wp-content\/uploads\/2022\/05\/WhatsApp-Image-2022-05-08-at-11.25.19-AM.jpeg\" data-src=\"https:\/\/eldiariodesanpedro.com.ar\/sitio\/wp-content\/uploads\/2022\/05\/WhatsApp-Image-2022-05-08-at-11.25.19-AM.jpeg\" alt=\"\" class=\"wp-image-106785 lazyload\" data-srcset=\"https:\/\/eldiariodesanpedro.com.ar\/sitio\/wp-content\/uploads\/2022\/05\/WhatsApp-Image-2022-05-08-at-11.25.19-AM.jpeg 945w, https:\/\/eldiariodesanpedro.com.ar\/sitio\/wp-content\/uploads\/2022\/05\/WhatsApp-Image-2022-05-08-at-11.25.19-AM-300x200.jpeg 300w, https:\/\/eldiariodesanpedro.com.ar\/sitio\/wp-content\/uploads\/2022\/05\/WhatsApp-Image-2022-05-08-at-11.25.19-AM-768x512.jpeg 768w\" data-sizes=\"(max-width: 945px) 100vw, 945px\" src=\"data:image\/svg+xml;base64,PHN2ZyB3aWR0aD0iMSIgaGVpZ2h0PSIxIiB4bWxucz0iaHR0cDovL3d3dy53My5vcmcvMjAwMC9zdmciPjwvc3ZnPg==\" style=\"--smush-placeholder-width: 945px; --smush-placeholder-aspect-ratio: 945\/630;\" \/><\/figure>\n","protected":false},"excerpt":{"rendered":"<p>El Intendente Municipal, Dr. Ram\u00f3n Salazar convoc\u00f3 el viernes por la tarde a una reuni\u00f3n de gabinete ampliada en su despacho. El encuentro fue pautado para compartir con todo el equipo una actualizaci\u00f3n de temas prioritarios de la gesti\u00f3n. Secretarios, directores y colaboradores de todas las \u00e1reas del gobierno municipal compartieron los lineamientos generales de [&hellip;]<\/p>\n","protected":false},"author":4,"featured_media":106784,"comment_status":"closed","ping_status":"closed","sticky":false,"template":"","format":"standard","meta":{"om_disable_all_campaigns":false,"_jetpack_memberships_contains_paid_content":false,"footnotes":""},"categories":[50,101,2],"tags":[197,696,33,19],"class_list":["post-106783","post","type-post","status-publish","format-standard","has-post-thumbnail","hentry","category-destacadas","category-interes-general-locales","category-locales","tag-buenos-aires","tag-interes-general","tag-locales","tag-san-pedro"],"aioseo_notices":[],"gutentor_comment":0,"jetpack_featured_media_url":"https:\/\/eldiariodesanpedro.com.ar\/sitio\/wp-content\/uploads\/2022\/05\/WhatsApp-Image-2022-05-08-at-11.25.19-AM-1.jpeg","jetpack_shortlink":"https:\/\/wp.me\/p6RhLt-rMj","jetpack_sharing_enabled":true,"_links":{"self":[{"href":"https:\/\/eldiariodesanpedro.com.ar\/sitio\/wp-json\/wp\/v2\/posts\/106783","targetHints":{"allow":["GET"]}}],"collection":[{"href":"https:\/\/eldiariodesanpedro.com.ar\/sitio\/wp-json\/wp\/v2\/posts"}],"about":[{"href":"https:\/\/eldiariodesanpedro.com.ar\/sitio\/wp-json\/wp\/v2\/types\/post"}],"author":[{"embeddable":true,"href":"https:\/\/eldiariodesanpedro.com.ar\/sitio\/wp-json\/wp\/v2\/users\/4"}],"replies":[{"embeddable":true,"href":"https:\/\/eldiariodesanpedro.com.ar\/sitio\/wp-json\/wp\/v2\/comments?post=106783"}],"version-history":[{"count":1,"href":"https:\/\/eldiariodesanpedro.com.ar\/sitio\/wp-json\/wp\/v2\/posts\/106783\/revisions"}],"predecessor-version":[{"id":106786,"href":"https:\/\/eldiariodesanpedro.com.ar\/sitio\/wp-json\/wp\/v2\/posts\/106783\/revisions\/106786"}],"wp:featuredmedia":[{"embeddable":true,"href":"https:\/\/eldiariodesanpedro.com.ar\/sitio\/wp-json\/wp\/v2\/media\/106784"}],"wp:attachment":[{"href":"https:\/\/eldiariodesanpedro.com.ar\/sitio\/wp-json\/wp\/v2\/media?parent=106783"}],"wp:term":[{"taxonomy":"category","embeddable":true,"href":"https:\/\/eldiariodesanpedro.com.ar\/sitio\/wp-json\/wp\/v2\/categories?post=106783"},{"taxonomy":"post_tag","embeddable":true,"href":"https:\/\/eldiariodesanpedro.com.ar\/sitio\/wp-json\/wp\/v2\/tags?post=106783"}],"curies":[{"name":"wp","href":"https:\/\/api.w.org\/{rel}","templated":true}]}}