{"id":106776,"date":"2022-05-09T09:49:37","date_gmt":"2022-05-09T12:49:37","guid":{"rendered":"https:\/\/eldiariodesanpedro.com.ar\/sitio\/?p=106776"},"modified":"2022-05-09T09:49:38","modified_gmt":"2022-05-09T12:49:38","slug":"emocionante-inauguracion-del-centro-de-salud-de-pueblo-doyle","status":"publish","type":"post","link":"https:\/\/eldiariodesanpedro.com.ar\/sitio\/emocionante-inauguracion-del-centro-de-salud-de-pueblo-doyle\/","title":{"rendered":"Emocionante inauguraci\u00f3n del Centro de Salud de Pueblo Doyle"},"content":{"rendered":"<!-- VideographyWP Plugin Message: Automatic video embedding prevented by plugin options. -->\n\n<p>En la ma\u00f1ana de este s\u00e1bado se llev\u00f3 a cabo la inauguraci\u00f3n del Centro de Salud de Pueblo Doyle a trav\u00e9s de un emotivo acto encabezado por el Intendente Municipal Dr. Ram\u00f3n Salazar junto al ex intendente y miembro del Directorio de Trenes Argentinos Cargas Cecilio Salazar, el Secretario de Salud Pablo Pichioni, el Delegado Municipal Luciano Juhant, el Director del Hospital de Santa Luc\u00eda Carlos Guti\u00e9rrez, el Director del Hospital Emilio Ruffa Daniel Creus, el Director de Atenci\u00f3n Primaria de la Salud Gabriel Sayago, el coordinador de personal de la Secretar\u00eda Augusto Ramos y la enfermera Carolina Mi\u00f1o quien se desempe\u00f1ar\u00e1 en el nuevo edificio con el que cuenta la localidad que fue realizado con fondos propios a trav\u00e9s del programa \u201cSumar\u201d de la Secretar\u00eda de Salud.<\/p>\n\n\n\n<p>Participaron adem\u00e1s del Jefe Comunal, la Presidente del Honorable Concejo Deliberante, M\u00f3nica Otero, integrantes del cuerpo legislativo, miembros del gabinete municipal y vecinos de la localidad, quienes recorrieron el Centro de Salud luego de finalizado el acto.<\/p>\n\n\n\n<p>Antes del corte de cinta, el Dr. Salazar se dirigi\u00f3 a los presentes emocionado por la concreci\u00f3n de una obra que hace muchos a\u00f1os que los vecinos de la localidad estaban solicitando y record\u00f3 el compromiso asumido hace un a\u00f1o en el club de Pueblo Doyle.<\/p>\n\n\n\n<p>\u201cA nosotros siempre nos llena de emoci\u00f3n presentar estas obras\u201d manifest\u00f3 el Intendente y record\u00f3 la inauguraci\u00f3n de la ampliaci\u00f3n en el Jard\u00edn Pulgarcito que a trav\u00e9s de su Directora Paola Moreira don\u00f3 al Centro de Salud una mesa y juegos para que los ni\u00f1os que asistan a realizarse controles y deban esperar puedan hacerlo jugando.<\/p>\n\n\n\n<p>\u201cDe sue\u00f1os se construye una realidad, siempre le digo a mi equipo que tenemos que pensar y so\u00f1ar en grande\u201d manifest\u00f3, remarcando el apoyo del Gobierno Nacional y Provincial que acompa\u00f1a los proyectos que se presentan, como la repavimentaci\u00f3n de la Ruta Provincial 191 que sigue en curso y reiter\u00f3 su compromiso de pavimentar el acceso a Santa Luc\u00eda.<\/p>\n\n\n\n<p>El Jefe comunal remarc\u00f3 que la salud es un \u201cpilar fundamental\u201d de la gesti\u00f3n del equipo de gobierno que impuls\u00f3 el ex Intendente Cecilio Salazar y convoc\u00f3 a todo su equipo a trabajar en conjunto \u201cpara que en todo el Partido de San Pedro continuemos haciendo obras y estando cerca de la gente\u201d.<\/p>\n\n\n\n<figure class=\"wp-block-image size-full\"><img decoding=\"async\" width=\"783\" height=\"630\" data-attachment-id=\"106778\" data-permalink=\"https:\/\/eldiariodesanpedro.com.ar\/sitio\/emocionante-inauguracion-del-centro-de-salud-de-pueblo-doyle\/whatsapp-image-2022-05-07-at-5-42-48-pm\/\" data-orig-file=\"https:\/\/eldiariodesanpedro.com.ar\/sitio\/wp-content\/uploads\/2022\/05\/WhatsApp-Image-2022-05-07-at-5.42.48-PM.jpeg\" data-orig-size=\"783,630\" data-comments-opened=\"0\" data-image-meta=\"{&quot;aperture&quot;:&quot;0&quot;,&quot;credit&quot;:&quot;&quot;,&quot;camera&quot;:&quot;&quot;,&quot;caption&quot;:&quot;&quot;,&quot;created_timestamp&quot;:&quot;0&quot;,&quot;copyright&quot;:&quot;&quot;,&quot;focal_length&quot;:&quot;0&quot;,&quot;iso&quot;:&quot;0&quot;,&quot;shutter_speed&quot;:&quot;0&quot;,&quot;title&quot;:&quot;&quot;,&quot;orientation&quot;:&quot;0&quot;}\" data-image-title=\"WhatsApp Image 2022-05-07 at 5.42.48 PM\" data-image-description=\"\" data-image-caption=\"\" data-large-file=\"https:\/\/eldiariodesanpedro.com.ar\/sitio\/wp-content\/uploads\/2022\/05\/WhatsApp-Image-2022-05-07-at-5.42.48-PM.jpeg\" data-src=\"https:\/\/eldiariodesanpedro.com.ar\/sitio\/wp-content\/uploads\/2022\/05\/WhatsApp-Image-2022-05-07-at-5.42.48-PM.jpeg\" alt=\"\" class=\"wp-image-106778 lazyload\" data-srcset=\"https:\/\/eldiariodesanpedro.com.ar\/sitio\/wp-content\/uploads\/2022\/05\/WhatsApp-Image-2022-05-07-at-5.42.48-PM.jpeg 783w, https:\/\/eldiariodesanpedro.com.ar\/sitio\/wp-content\/uploads\/2022\/05\/WhatsApp-Image-2022-05-07-at-5.42.48-PM-300x241.jpeg 300w, https:\/\/eldiariodesanpedro.com.ar\/sitio\/wp-content\/uploads\/2022\/05\/WhatsApp-Image-2022-05-07-at-5.42.48-PM-768x618.jpeg 768w\" data-sizes=\"(max-width: 783px) 100vw, 783px\" src=\"data:image\/svg+xml;base64,PHN2ZyB3aWR0aD0iMSIgaGVpZ2h0PSIxIiB4bWxucz0iaHR0cDovL3d3dy53My5vcmcvMjAwMC9zdmciPjwvc3ZnPg==\" style=\"--smush-placeholder-width: 783px; --smush-placeholder-aspect-ratio: 783\/630;\" \/><\/figure>\n\n\n\n<figure class=\"wp-block-image size-full\"><img decoding=\"async\" width=\"840\" height=\"630\" data-attachment-id=\"106777\" data-permalink=\"https:\/\/eldiariodesanpedro.com.ar\/sitio\/emocionante-inauguracion-del-centro-de-salud-de-pueblo-doyle\/whatsapp-image-2022-05-07-at-5-42-48-pm-1\/\" data-orig-file=\"https:\/\/eldiariodesanpedro.com.ar\/sitio\/wp-content\/uploads\/2022\/05\/WhatsApp-Image-2022-05-07-at-5.42.48-PM-1.jpeg\" data-orig-size=\"840,630\" data-comments-opened=\"0\" data-image-meta=\"{&quot;aperture&quot;:&quot;0&quot;,&quot;credit&quot;:&quot;&quot;,&quot;camera&quot;:&quot;&quot;,&quot;caption&quot;:&quot;&quot;,&quot;created_timestamp&quot;:&quot;0&quot;,&quot;copyright&quot;:&quot;&quot;,&quot;focal_length&quot;:&quot;0&quot;,&quot;iso&quot;:&quot;0&quot;,&quot;shutter_speed&quot;:&quot;0&quot;,&quot;title&quot;:&quot;&quot;,&quot;orientation&quot;:&quot;0&quot;}\" data-image-title=\"WhatsApp Image 2022-05-07 at 5.42.48 PM (1)\" data-image-description=\"\" data-image-caption=\"\" data-large-file=\"https:\/\/eldiariodesanpedro.com.ar\/sitio\/wp-content\/uploads\/2022\/05\/WhatsApp-Image-2022-05-07-at-5.42.48-PM-1.jpeg\" data-src=\"https:\/\/eldiariodesanpedro.com.ar\/sitio\/wp-content\/uploads\/2022\/05\/WhatsApp-Image-2022-05-07-at-5.42.48-PM-1.jpeg\" alt=\"\" class=\"wp-image-106777 lazyload\" data-srcset=\"https:\/\/eldiariodesanpedro.com.ar\/sitio\/wp-content\/uploads\/2022\/05\/WhatsApp-Image-2022-05-07-at-5.42.48-PM-1.jpeg 840w, https:\/\/eldiariodesanpedro.com.ar\/sitio\/wp-content\/uploads\/2022\/05\/WhatsApp-Image-2022-05-07-at-5.42.48-PM-1-300x225.jpeg 300w, https:\/\/eldiariodesanpedro.com.ar\/sitio\/wp-content\/uploads\/2022\/05\/WhatsApp-Image-2022-05-07-at-5.42.48-PM-1-768x576.jpeg 768w\" data-sizes=\"(max-width: 840px) 100vw, 840px\" src=\"data:image\/svg+xml;base64,PHN2ZyB3aWR0aD0iMSIgaGVpZ2h0PSIxIiB4bWxucz0iaHR0cDovL3d3dy53My5vcmcvMjAwMC9zdmciPjwvc3ZnPg==\" style=\"--smush-placeholder-width: 840px; --smush-placeholder-aspect-ratio: 840\/630;\" \/><\/figure>\n\n\n\n<figure class=\"wp-block-image size-full\"><img decoding=\"async\" width=\"840\" height=\"630\" data-attachment-id=\"106781\" data-permalink=\"https:\/\/eldiariodesanpedro.com.ar\/sitio\/emocionante-inauguracion-del-centro-de-salud-de-pueblo-doyle\/whatsapp-image-2022-05-07-at-5-42-53-pm\/\" data-orig-file=\"https:\/\/eldiariodesanpedro.com.ar\/sitio\/wp-content\/uploads\/2022\/05\/WhatsApp-Image-2022-05-07-at-5.42.53-PM.jpeg\" data-orig-size=\"840,630\" data-comments-opened=\"0\" data-image-meta=\"{&quot;aperture&quot;:&quot;0&quot;,&quot;credit&quot;:&quot;&quot;,&quot;camera&quot;:&quot;&quot;,&quot;caption&quot;:&quot;&quot;,&quot;created_timestamp&quot;:&quot;0&quot;,&quot;copyright&quot;:&quot;&quot;,&quot;focal_length&quot;:&quot;0&quot;,&quot;iso&quot;:&quot;0&quot;,&quot;shutter_speed&quot;:&quot;0&quot;,&quot;title&quot;:&quot;&quot;,&quot;orientation&quot;:&quot;0&quot;}\" data-image-title=\"WhatsApp Image 2022-05-07 at 5.42.53 PM\" data-image-description=\"\" data-image-caption=\"\" data-large-file=\"https:\/\/eldiariodesanpedro.com.ar\/sitio\/wp-content\/uploads\/2022\/05\/WhatsApp-Image-2022-05-07-at-5.42.53-PM.jpeg\" data-src=\"https:\/\/eldiariodesanpedro.com.ar\/sitio\/wp-content\/uploads\/2022\/05\/WhatsApp-Image-2022-05-07-at-5.42.53-PM.jpeg\" alt=\"\" class=\"wp-image-106781 lazyload\" data-srcset=\"https:\/\/eldiariodesanpedro.com.ar\/sitio\/wp-content\/uploads\/2022\/05\/WhatsApp-Image-2022-05-07-at-5.42.53-PM.jpeg 840w, https:\/\/eldiariodesanpedro.com.ar\/sitio\/wp-content\/uploads\/2022\/05\/WhatsApp-Image-2022-05-07-at-5.42.53-PM-300x225.jpeg 300w, https:\/\/eldiariodesanpedro.com.ar\/sitio\/wp-content\/uploads\/2022\/05\/WhatsApp-Image-2022-05-07-at-5.42.53-PM-768x576.jpeg 768w\" data-sizes=\"(max-width: 840px) 100vw, 840px\" src=\"data:image\/svg+xml;base64,PHN2ZyB3aWR0aD0iMSIgaGVpZ2h0PSIxIiB4bWxucz0iaHR0cDovL3d3dy53My5vcmcvMjAwMC9zdmciPjwvc3ZnPg==\" style=\"--smush-placeholder-width: 840px; --smush-placeholder-aspect-ratio: 840\/630;\" \/><\/figure>\n\n\n\n<figure class=\"wp-block-image size-large\"><img decoding=\"async\" width=\"1024\" height=\"576\" data-attachment-id=\"106780\" data-permalink=\"https:\/\/eldiariodesanpedro.com.ar\/sitio\/emocionante-inauguracion-del-centro-de-salud-de-pueblo-doyle\/whatsapp-image-2022-05-07-at-5-42-53-pm-1\/\" data-orig-file=\"https:\/\/eldiariodesanpedro.com.ar\/sitio\/wp-content\/uploads\/2022\/05\/WhatsApp-Image-2022-05-07-at-5.42.53-PM-1.jpeg\" data-orig-size=\"1120,630\" data-comments-opened=\"0\" data-image-meta=\"{&quot;aperture&quot;:&quot;0&quot;,&quot;credit&quot;:&quot;&quot;,&quot;camera&quot;:&quot;&quot;,&quot;caption&quot;:&quot;&quot;,&quot;created_timestamp&quot;:&quot;0&quot;,&quot;copyright&quot;:&quot;&quot;,&quot;focal_length&quot;:&quot;0&quot;,&quot;iso&quot;:&quot;0&quot;,&quot;shutter_speed&quot;:&quot;0&quot;,&quot;title&quot;:&quot;&quot;,&quot;orientation&quot;:&quot;0&quot;}\" data-image-title=\"WhatsApp Image 2022-05-07 at 5.42.53 PM (1)\" data-image-description=\"\" data-image-caption=\"\" data-large-file=\"https:\/\/eldiariodesanpedro.com.ar\/sitio\/wp-content\/uploads\/2022\/05\/WhatsApp-Image-2022-05-07-at-5.42.53-PM-1-1024x576.jpeg\" data-src=\"https:\/\/eldiariodesanpedro.com.ar\/sitio\/wp-content\/uploads\/2022\/05\/WhatsApp-Image-2022-05-07-at-5.42.53-PM-1-1024x576.jpeg\" alt=\"\" class=\"wp-image-106780 lazyload\" data-srcset=\"https:\/\/eldiariodesanpedro.com.ar\/sitio\/wp-content\/uploads\/2022\/05\/WhatsApp-Image-2022-05-07-at-5.42.53-PM-1-1024x576.jpeg 1024w, https:\/\/eldiariodesanpedro.com.ar\/sitio\/wp-content\/uploads\/2022\/05\/WhatsApp-Image-2022-05-07-at-5.42.53-PM-1-300x169.jpeg 300w, https:\/\/eldiariodesanpedro.com.ar\/sitio\/wp-content\/uploads\/2022\/05\/WhatsApp-Image-2022-05-07-at-5.42.53-PM-1-768x432.jpeg 768w, https:\/\/eldiariodesanpedro.com.ar\/sitio\/wp-content\/uploads\/2022\/05\/WhatsApp-Image-2022-05-07-at-5.42.53-PM-1.jpeg 1120w\" data-sizes=\"(max-width: 1024px) 100vw, 1024px\" src=\"data:image\/svg+xml;base64,PHN2ZyB3aWR0aD0iMSIgaGVpZ2h0PSIxIiB4bWxucz0iaHR0cDovL3d3dy53My5vcmcvMjAwMC9zdmciPjwvc3ZnPg==\" style=\"--smush-placeholder-width: 1024px; --smush-placeholder-aspect-ratio: 1024\/576;\" \/><\/figure>\n","protected":false},"excerpt":{"rendered":"<p>En la ma\u00f1ana de este s\u00e1bado se llev\u00f3 a cabo la inauguraci\u00f3n del Centro de Salud de Pueblo Doyle a trav\u00e9s de un emotivo acto encabezado por el Intendente Municipal Dr. Ram\u00f3n Salazar junto al ex intendente y miembro del Directorio de Trenes Argentinos Cargas Cecilio Salazar, el Secretario de Salud Pablo Pichioni, el Delegado [&hellip;]<\/p>\n","protected":false},"author":4,"featured_media":106779,"comment_status":"closed","ping_status":"closed","sticky":false,"template":"","format":"standard","meta":{"om_disable_all_campaigns":false,"_jetpack_memberships_contains_paid_content":false,"footnotes":""},"categories":[50,101,2],"tags":[197,696,33,19],"class_list":["post-106776","post","type-post","status-publish","format-standard","has-post-thumbnail","hentry","category-destacadas","category-interes-general-locales","category-locales","tag-buenos-aires","tag-interes-general","tag-locales","tag-san-pedro"],"aioseo_notices":[],"gutentor_comment":0,"jetpack_featured_media_url":"https:\/\/eldiariodesanpedro.com.ar\/sitio\/wp-content\/uploads\/2022\/05\/WhatsApp-Image-2022-05-07-at-5.42.52-PM.jpeg","jetpack_shortlink":"https:\/\/wp.me\/p6RhLt-rMc","jetpack_sharing_enabled":true,"_links":{"self":[{"href":"https:\/\/eldiariodesanpedro.com.ar\/sitio\/wp-json\/wp\/v2\/posts\/106776","targetHints":{"allow":["GET"]}}],"collection":[{"href":"https:\/\/eldiariodesanpedro.com.ar\/sitio\/wp-json\/wp\/v2\/posts"}],"about":[{"href":"https:\/\/eldiariodesanpedro.com.ar\/sitio\/wp-json\/wp\/v2\/types\/post"}],"author":[{"embeddable":true,"href":"https:\/\/eldiariodesanpedro.com.ar\/sitio\/wp-json\/wp\/v2\/users\/4"}],"replies":[{"embeddable":true,"href":"https:\/\/eldiariodesanpedro.com.ar\/sitio\/wp-json\/wp\/v2\/comments?post=106776"}],"version-history":[{"count":1,"href":"https:\/\/eldiariodesanpedro.com.ar\/sitio\/wp-json\/wp\/v2\/posts\/106776\/revisions"}],"predecessor-version":[{"id":106782,"href":"https:\/\/eldiariodesanpedro.com.ar\/sitio\/wp-json\/wp\/v2\/posts\/106776\/revisions\/106782"}],"wp:featuredmedia":[{"embeddable":true,"href":"https:\/\/eldiariodesanpedro.com.ar\/sitio\/wp-json\/wp\/v2\/media\/106779"}],"wp:attachment":[{"href":"https:\/\/eldiariodesanpedro.com.ar\/sitio\/wp-json\/wp\/v2\/media?parent=106776"}],"wp:term":[{"taxonomy":"category","embeddable":true,"href":"https:\/\/eldiariodesanpedro.com.ar\/sitio\/wp-json\/wp\/v2\/categories?post=106776"},{"taxonomy":"post_tag","embeddable":true,"href":"https:\/\/eldiariodesanpedro.com.ar\/sitio\/wp-json\/wp\/v2\/tags?post=106776"}],"curies":[{"name":"wp","href":"https:\/\/api.w.org\/{rel}","templated":true}]}}