{"id":106773,"date":"2022-05-09T09:43:11","date_gmt":"2022-05-09T12:43:11","guid":{"rendered":"https:\/\/eldiariodesanpedro.com.ar\/sitio\/?p=106773"},"modified":"2022-05-09T09:43:11","modified_gmt":"2022-05-09T12:43:11","slug":"la-direccion-de-bromatologia-tomo-intervencion-ante-un-caso-positivo-de-triquinosis","status":"publish","type":"post","link":"https:\/\/eldiariodesanpedro.com.ar\/sitio\/la-direccion-de-bromatologia-tomo-intervencion-ante-un-caso-positivo-de-triquinosis\/","title":{"rendered":"La Direcci\u00f3n de Bromatolog\u00eda tomo intervenci\u00f3n ante un caso positivo de Triquinosis"},"content":{"rendered":"<!-- VideographyWP Plugin Message: Automatic video embedding prevented by plugin options. -->\n\n<p>La Municipalidad de San Pedro informa, a trav\u00e9s de la Direcci\u00f3n de Bromatolog\u00eda dependiente de la Secretar\u00eda de Salud, que se ha tomado intervenci\u00f3n ante la detecci\u00f3n de un caso positivo de triquinosis.<\/p>\n\n\n\n<p>El an\u00e1lisis solicitado por los propietarios de animales comprendidos en una faena artesanal, permiti\u00f3 detectar un caso positivo de la enfermedad en la zona del Bajo Tala y personal del \u00e1rea procedi\u00f3 a realizar el control de foco e informar de la situaci\u00f3n al SENASA para continuar con las acciones correspondientes.<\/p>\n\n\n\n<p>Ante esta situaci\u00f3n se recuerda a toda la poblaci\u00f3n la importancia de consumir embutidos de faena controlada y la posibilidad de realizar an\u00e1lisis gratuitos para producciones caseras.<\/p>\n\n\n\n<p>El Ministerio de Desarrollo Agrario ha instituido la tercera semana de mayo de cada a\u00f1o calendario como la \u201cSemana de la Lucha Contra la Triquinosis\u201d, con el objetivo de fortalecer y potenciar el conocimiento de la informaci\u00f3n referida a la enfermedad, su control y prevenci\u00f3n.<\/p>\n\n\n\n<p>Por tal motivo durante los pr\u00f3ximos d\u00edas se activar\u00e1n mayores campa\u00f1as de divulgaci\u00f3n sobre las medidas de prevenci\u00f3n para esta enfermedad<\/p>\n","protected":false},"excerpt":{"rendered":"<p>La Municipalidad de San Pedro informa, a trav\u00e9s de la Direcci\u00f3n de Bromatolog\u00eda dependiente de la Secretar\u00eda de Salud, que se ha tomado intervenci\u00f3n ante la detecci\u00f3n de un caso positivo de triquinosis. El an\u00e1lisis solicitado por los propietarios de animales comprendidos en una faena artesanal, permiti\u00f3 detectar un caso positivo de la enfermedad en [&hellip;]<\/p>\n","protected":false},"author":4,"featured_media":106774,"comment_status":"closed","ping_status":"closed","sticky":false,"template":"","format":"standard","meta":{"om_disable_all_campaigns":false,"_jetpack_memberships_contains_paid_content":false,"footnotes":""},"categories":[101,2],"tags":[197,696,33,19],"class_list":["post-106773","post","type-post","status-publish","format-standard","has-post-thumbnail","hentry","category-interes-general-locales","category-locales","tag-buenos-aires","tag-interes-general","tag-locales","tag-san-pedro"],"aioseo_notices":[],"gutentor_comment":0,"jetpack_featured_media_url":"https:\/\/eldiariodesanpedro.com.ar\/sitio\/wp-content\/uploads\/2022\/05\/5fa538f843c5f.jpeg","jetpack_shortlink":"https:\/\/wp.me\/p6RhLt-rM9","jetpack_sharing_enabled":true,"_links":{"self":[{"href":"https:\/\/eldiariodesanpedro.com.ar\/sitio\/wp-json\/wp\/v2\/posts\/106773","targetHints":{"allow":["GET"]}}],"collection":[{"href":"https:\/\/eldiariodesanpedro.com.ar\/sitio\/wp-json\/wp\/v2\/posts"}],"about":[{"href":"https:\/\/eldiariodesanpedro.com.ar\/sitio\/wp-json\/wp\/v2\/types\/post"}],"author":[{"embeddable":true,"href":"https:\/\/eldiariodesanpedro.com.ar\/sitio\/wp-json\/wp\/v2\/users\/4"}],"replies":[{"embeddable":true,"href":"https:\/\/eldiariodesanpedro.com.ar\/sitio\/wp-json\/wp\/v2\/comments?post=106773"}],"version-history":[{"count":1,"href":"https:\/\/eldiariodesanpedro.com.ar\/sitio\/wp-json\/wp\/v2\/posts\/106773\/revisions"}],"predecessor-version":[{"id":106775,"href":"https:\/\/eldiariodesanpedro.com.ar\/sitio\/wp-json\/wp\/v2\/posts\/106773\/revisions\/106775"}],"wp:featuredmedia":[{"embeddable":true,"href":"https:\/\/eldiariodesanpedro.com.ar\/sitio\/wp-json\/wp\/v2\/media\/106774"}],"wp:attachment":[{"href":"https:\/\/eldiariodesanpedro.com.ar\/sitio\/wp-json\/wp\/v2\/media?parent=106773"}],"wp:term":[{"taxonomy":"category","embeddable":true,"href":"https:\/\/eldiariodesanpedro.com.ar\/sitio\/wp-json\/wp\/v2\/categories?post=106773"},{"taxonomy":"post_tag","embeddable":true,"href":"https:\/\/eldiariodesanpedro.com.ar\/sitio\/wp-json\/wp\/v2\/tags?post=106773"}],"curies":[{"name":"wp","href":"https:\/\/api.w.org\/{rel}","templated":true}]}}