{"id":10677,"date":"2016-11-24T19:32:54","date_gmt":"2016-11-24T22:32:54","guid":{"rendered":"https:\/\/eldiariodesanpedro.com.ar\/sitio\/?p=10677"},"modified":"2016-11-24T19:32:54","modified_gmt":"2016-11-24T22:32:54","slug":"baradero-realizaron-una-denuncia-penal-por-irregularidades-en-la-obra-del-camino-a-alsina","status":"publish","type":"post","link":"https:\/\/eldiariodesanpedro.com.ar\/sitio\/baradero-realizaron-una-denuncia-penal-por-irregularidades-en-la-obra-del-camino-a-alsina\/","title":{"rendered":"BARADERO: Realizaron una denuncia penal por irregularidades en la obra del camino a Alsina"},"content":{"rendered":"<p><!-- VideographyWP Plugin Message: Automatic video embedding prevented by plugin options. --><br \/>\nEl secretario de Obras y Servicios P\u00fablicos de la Municipalidad de Baradero, Sebasti\u00e1n Misenti, habl\u00f3 sobre los arreglos del acceso, la ruta 41, Bernab\u00e9 de San Mart\u00edn y el camino a Alsina, adem\u00e1s confirm\u00f3 que la intendente realiz\u00f3 una denuncia penal por irregularidades en concreci\u00f3n de esa obra.<\/p>\n<p>En ese sentido, Misenti dijo: \u201cNos llamaron de Vialidad de la Provincia que tenemos material  como para hacer el camino de abajo a Alsina y el barrio Bernab\u00e9. La semana pasada hicimos un bache importante, hemos llegado hasta el barrio de Hisisa yendo desde el hospital hacia Alsina, ese trabajo lo est\u00e1 haciendo la empresa Sccopa (nosotros les estamos proveyendo el material), algo de dinero est\u00e1n aportando las empresas que est\u00e1n a la vera de la calle Bernab\u00e9. Adem\u00e1s, agreg\u00f3: \u201cScoppa va a hacer el bacheo grande para luego poner el asfalto caliente que nos va a mandar Vialidad de la Provincia y nosotros vamos a empezar con el bacheo chico. En lo que respecta al camino Alsina, ah\u00ed hubo irregularidades en la obra que ya est\u00e1n en la Justicia para definir\u201d.<\/p>\n","protected":false},"excerpt":{"rendered":"<p>El secretario de Obras y Servicios P\u00fablicos de la Municipalidad de Baradero, Sebasti\u00e1n Misenti, habl\u00f3 sobre los arreglos del acceso, la ruta 41, Bernab\u00e9 de San Mart\u00edn y el camino a Alsina, adem\u00e1s confirm\u00f3 que la intendente realiz\u00f3 una denuncia penal por irregularidades en concreci\u00f3n de esa obra. En ese sentido, Misenti dijo: \u201cNos llamaron [&hellip;]<\/p>\n","protected":false},"author":4,"featured_media":10678,"comment_status":"open","ping_status":"closed","sticky":false,"template":"","format":"standard","meta":{"om_disable_all_campaigns":false,"_jetpack_memberships_contains_paid_content":false,"footnotes":""},"categories":[621],"tags":[],"class_list":["post-10677","post","type-post","status-publish","format-standard","has-post-thumbnail","hentry","category-regionales"],"aioseo_notices":[],"gutentor_comment":0,"jetpack_featured_media_url":"https:\/\/eldiariodesanpedro.com.ar\/sitio\/wp-content\/uploads\/2016\/11\/PAGINA-6-11.jpg","jetpack_shortlink":"https:\/\/wp.me\/p6RhLt-2Md","jetpack_sharing_enabled":true,"_links":{"self":[{"href":"https:\/\/eldiariodesanpedro.com.ar\/sitio\/wp-json\/wp\/v2\/posts\/10677","targetHints":{"allow":["GET"]}}],"collection":[{"href":"https:\/\/eldiariodesanpedro.com.ar\/sitio\/wp-json\/wp\/v2\/posts"}],"about":[{"href":"https:\/\/eldiariodesanpedro.com.ar\/sitio\/wp-json\/wp\/v2\/types\/post"}],"author":[{"embeddable":true,"href":"https:\/\/eldiariodesanpedro.com.ar\/sitio\/wp-json\/wp\/v2\/users\/4"}],"replies":[{"embeddable":true,"href":"https:\/\/eldiariodesanpedro.com.ar\/sitio\/wp-json\/wp\/v2\/comments?post=10677"}],"version-history":[{"count":1,"href":"https:\/\/eldiariodesanpedro.com.ar\/sitio\/wp-json\/wp\/v2\/posts\/10677\/revisions"}],"predecessor-version":[{"id":10679,"href":"https:\/\/eldiariodesanpedro.com.ar\/sitio\/wp-json\/wp\/v2\/posts\/10677\/revisions\/10679"}],"wp:featuredmedia":[{"embeddable":true,"href":"https:\/\/eldiariodesanpedro.com.ar\/sitio\/wp-json\/wp\/v2\/media\/10678"}],"wp:attachment":[{"href":"https:\/\/eldiariodesanpedro.com.ar\/sitio\/wp-json\/wp\/v2\/media?parent=10677"}],"wp:term":[{"taxonomy":"category","embeddable":true,"href":"https:\/\/eldiariodesanpedro.com.ar\/sitio\/wp-json\/wp\/v2\/categories?post=10677"},{"taxonomy":"post_tag","embeddable":true,"href":"https:\/\/eldiariodesanpedro.com.ar\/sitio\/wp-json\/wp\/v2\/tags?post=10677"}],"curies":[{"name":"wp","href":"https:\/\/api.w.org\/{rel}","templated":true}]}}