{"id":106769,"date":"2022-05-09T09:32:11","date_gmt":"2022-05-09T12:32:11","guid":{"rendered":"https:\/\/eldiariodesanpedro.com.ar\/sitio\/?p=106769"},"modified":"2022-05-09T09:32:12","modified_gmt":"2022-05-09T12:32:12","slug":"se-abrieron-los-sobres-con-las-propuestas-para-la-construccion-de-las-25-viviendas-en-rio-tala","status":"publish","type":"post","link":"https:\/\/eldiariodesanpedro.com.ar\/sitio\/se-abrieron-los-sobres-con-las-propuestas-para-la-construccion-de-las-25-viviendas-en-rio-tala\/","title":{"rendered":"Se abrieron los sobres con las propuestas para la construcci\u00f3n de las 25 viviendas en R\u00edo Tala"},"content":{"rendered":"<!-- VideographyWP Plugin Message: Automatic video embedding prevented by plugin options. -->\n\n<p>El pasado viernes en el despacho del Intendente Municipal se cumpli\u00f3 con la apertura de sobres para darle ingreso formal a las propuestas presentadas en el llamado a licitaci\u00f3n para la construcci\u00f3n de 25 viviendas en R\u00edo Tala.<\/p>\n\n\n\n<p>El acto de apertura, que pudo ser seguido por los oferentes a trav\u00e9s de una videoconferencia, cont\u00f3 con la participaci\u00f3n del Intendente Dr. Ram\u00f3n Salazar, el Secretario de Obras, Planeamiento y Catastro Dr. Javier Silva, el Secretario de Econom\u00eda y Hacienda Fabi\u00e1n Rodr\u00edguez, el Delegado Municipal Walter D\u00edaz, la Jefa de Compras y Suministros Gloria Su\u00e1rez, la directora de Contadur\u00eda Cra. Mariana Giosa y en representaci\u00f3n de Asesor\u00eda Letrada la abogada Dra. Luisa Garc\u00eda.<\/p>\n\n\n\n<p>Se presentaron dos propuestas correspondientes a las empresas APCO S.A y \u201cCooperativa de Trabajo Grupo Alfa Limitada\u201d que comienzan a recorrer ahora el per\u00edodo de an\u00e1lisis hasta la adjudicaci\u00f3n de la obra.<\/p>\n\n\n\n<figure class=\"wp-block-image size-large\"><img decoding=\"async\" width=\"1024\" height=\"502\" data-attachment-id=\"106770\" data-permalink=\"https:\/\/eldiariodesanpedro.com.ar\/sitio\/se-abrieron-los-sobres-con-las-propuestas-para-la-construccion-de-las-25-viviendas-en-rio-tala\/whatsapp-image-2022-05-06-at-12-32-55-pm\/\" data-orig-file=\"https:\/\/eldiariodesanpedro.com.ar\/sitio\/wp-content\/uploads\/2022\/05\/WhatsApp-Image-2022-05-06-at-12.32.55-PM.jpeg\" data-orig-size=\"1200,588\" data-comments-opened=\"0\" data-image-meta=\"{&quot;aperture&quot;:&quot;0&quot;,&quot;credit&quot;:&quot;&quot;,&quot;camera&quot;:&quot;&quot;,&quot;caption&quot;:&quot;&quot;,&quot;created_timestamp&quot;:&quot;0&quot;,&quot;copyright&quot;:&quot;&quot;,&quot;focal_length&quot;:&quot;0&quot;,&quot;iso&quot;:&quot;0&quot;,&quot;shutter_speed&quot;:&quot;0&quot;,&quot;title&quot;:&quot;&quot;,&quot;orientation&quot;:&quot;0&quot;}\" data-image-title=\"WhatsApp Image 2022-05-06 at 12.32.55 PM\" data-image-description=\"\" data-image-caption=\"\" data-large-file=\"https:\/\/eldiariodesanpedro.com.ar\/sitio\/wp-content\/uploads\/2022\/05\/WhatsApp-Image-2022-05-06-at-12.32.55-PM-1024x502.jpeg\" data-src=\"https:\/\/eldiariodesanpedro.com.ar\/sitio\/wp-content\/uploads\/2022\/05\/WhatsApp-Image-2022-05-06-at-12.32.55-PM-1024x502.jpeg\" alt=\"\" class=\"wp-image-106770 lazyload\" data-srcset=\"https:\/\/eldiariodesanpedro.com.ar\/sitio\/wp-content\/uploads\/2022\/05\/WhatsApp-Image-2022-05-06-at-12.32.55-PM-1024x502.jpeg 1024w, https:\/\/eldiariodesanpedro.com.ar\/sitio\/wp-content\/uploads\/2022\/05\/WhatsApp-Image-2022-05-06-at-12.32.55-PM-300x147.jpeg 300w, https:\/\/eldiariodesanpedro.com.ar\/sitio\/wp-content\/uploads\/2022\/05\/WhatsApp-Image-2022-05-06-at-12.32.55-PM-768x376.jpeg 768w, https:\/\/eldiariodesanpedro.com.ar\/sitio\/wp-content\/uploads\/2022\/05\/WhatsApp-Image-2022-05-06-at-12.32.55-PM.jpeg 1200w\" data-sizes=\"(max-width: 1024px) 100vw, 1024px\" src=\"data:image\/svg+xml;base64,PHN2ZyB3aWR0aD0iMSIgaGVpZ2h0PSIxIiB4bWxucz0iaHR0cDovL3d3dy53My5vcmcvMjAwMC9zdmciPjwvc3ZnPg==\" style=\"--smush-placeholder-width: 1024px; --smush-placeholder-aspect-ratio: 1024\/502;\" \/><\/figure>\n","protected":false},"excerpt":{"rendered":"<p>El pasado viernes en el despacho del Intendente Municipal se cumpli\u00f3 con la apertura de sobres para darle ingreso formal a las propuestas presentadas en el llamado a licitaci\u00f3n para la construcci\u00f3n de 25 viviendas en R\u00edo Tala. El acto de apertura, que pudo ser seguido por los oferentes a trav\u00e9s de una videoconferencia, cont\u00f3 [&hellip;]<\/p>\n","protected":false},"author":4,"featured_media":106771,"comment_status":"closed","ping_status":"closed","sticky":false,"template":"","format":"standard","meta":{"om_disable_all_campaigns":false,"_jetpack_memberships_contains_paid_content":false,"footnotes":""},"categories":[50,101,2],"tags":[197,696,33,19],"class_list":["post-106769","post","type-post","status-publish","format-standard","has-post-thumbnail","hentry","category-destacadas","category-interes-general-locales","category-locales","tag-buenos-aires","tag-interes-general","tag-locales","tag-san-pedro"],"aioseo_notices":[],"gutentor_comment":0,"jetpack_featured_media_url":"https:\/\/eldiariodesanpedro.com.ar\/sitio\/wp-content\/uploads\/2022\/05\/WhatsApp-Image-2022-05-06-at-12.32.56-PM.jpeg","jetpack_shortlink":"https:\/\/wp.me\/p6RhLt-rM5","jetpack_sharing_enabled":true,"_links":{"self":[{"href":"https:\/\/eldiariodesanpedro.com.ar\/sitio\/wp-json\/wp\/v2\/posts\/106769","targetHints":{"allow":["GET"]}}],"collection":[{"href":"https:\/\/eldiariodesanpedro.com.ar\/sitio\/wp-json\/wp\/v2\/posts"}],"about":[{"href":"https:\/\/eldiariodesanpedro.com.ar\/sitio\/wp-json\/wp\/v2\/types\/post"}],"author":[{"embeddable":true,"href":"https:\/\/eldiariodesanpedro.com.ar\/sitio\/wp-json\/wp\/v2\/users\/4"}],"replies":[{"embeddable":true,"href":"https:\/\/eldiariodesanpedro.com.ar\/sitio\/wp-json\/wp\/v2\/comments?post=106769"}],"version-history":[{"count":1,"href":"https:\/\/eldiariodesanpedro.com.ar\/sitio\/wp-json\/wp\/v2\/posts\/106769\/revisions"}],"predecessor-version":[{"id":106772,"href":"https:\/\/eldiariodesanpedro.com.ar\/sitio\/wp-json\/wp\/v2\/posts\/106769\/revisions\/106772"}],"wp:featuredmedia":[{"embeddable":true,"href":"https:\/\/eldiariodesanpedro.com.ar\/sitio\/wp-json\/wp\/v2\/media\/106771"}],"wp:attachment":[{"href":"https:\/\/eldiariodesanpedro.com.ar\/sitio\/wp-json\/wp\/v2\/media?parent=106769"}],"wp:term":[{"taxonomy":"category","embeddable":true,"href":"https:\/\/eldiariodesanpedro.com.ar\/sitio\/wp-json\/wp\/v2\/categories?post=106769"},{"taxonomy":"post_tag","embeddable":true,"href":"https:\/\/eldiariodesanpedro.com.ar\/sitio\/wp-json\/wp\/v2\/tags?post=106769"}],"curies":[{"name":"wp","href":"https:\/\/api.w.org\/{rel}","templated":true}]}}