{"id":106767,"date":"2022-05-09T09:25:34","date_gmt":"2022-05-09T12:25:34","guid":{"rendered":"https:\/\/eldiariodesanpedro.com.ar\/sitio\/?p=106767"},"modified":"2022-05-09T09:25:34","modified_gmt":"2022-05-09T12:25:34","slug":"anses-quienes-cobran-hoy-9-de-mayo-jubilaciones-auh-suaf","status":"publish","type":"post","link":"https:\/\/eldiariodesanpedro.com.ar\/sitio\/anses-quienes-cobran-hoy-9-de-mayo-jubilaciones-auh-suaf\/","title":{"rendered":"ANSES: qui\u00e9nes cobran hoy, 9 de mayo, jubilaciones, AUH, SUAF"},"content":{"rendered":"<!-- VideographyWP Plugin Message: Automatic video embedding prevented by plugin options. -->\n\n<p>Contin\u00faa el calendario de pagos de Anses correspondiente al mes de mayo. Mir\u00e1 qui\u00e9nes cobran este lunes 9 de mayo.<\/p>\n\n\n\n<p>La\u00a0<strong>Administraci\u00f3n Nacional de la Seguridad Social (ANSES)\u00a0<\/strong>contin\u00faa su<strong>\u00a0calendario de pagos<\/strong>\u00a0correspondiente al mes de\u00a0<strong>mayo de 2022<\/strong>. En el mismo, constan las fechas de cobro de jubilaciones,\u00a0<strong>pensiones,<\/strong>\u00a0Asignaci\u00f3n Universal por Hijo (AUH), Asignaci\u00f3n Universal por Embarazo, Asignaciones Familiares, Pensiones No Contributivas y Programa Desempleo 1, 2 y 3, entre otros beneficios del organismo previsional.<\/p>\n\n\n\n<h2 class=\"wp-block-heading\">\u00bfQui\u00e9nes cobran Anses este 6 de mayo?<\/h2>\n\n\n\n<p>Este d\u00eda h\u00e1bil de mayo cobran los beneficiarios y las beneficiarias de Jubilaciones y Pensiones inferiores a 36.260, beneficiarios de Asignaci\u00f3n Universal por Hijo (AUH) y Asignaci\u00f3n Familiar por Hijo (SUAF). Se trata del pago del haber correspondiente al mes en curso.<\/p>\n\n\n\n<h2 class=\"wp-block-heading\">JUBILACIONES Y PENSIONES INFERIORES A LOS $36.676<\/h2>\n\n\n\n<p>Adem\u00e1s del cobro de sus haberes, los jubilados y pensionados que hasta $65.260, recibir\u00e1n un bono de $12.000 que se abona junto al calendario de pagos.<\/p>\n\n\n\n<ul class=\"wp-block-list\"><li>Documentos terminados en 0:\u00a0<strong>lunes<\/strong>\u00a09 de mayo.<\/li><li>Documentos terminados en 1: martes 10 de mayo.<\/li><li>Documentos terminados en 2: mi\u00e9rcoles 11 de mayo.<\/li><li>Documentos terminados en 3: jueves 12 de mayo.<\/li><li>Documentos terminados en 4: viernes 13 de mayo.<\/li><li>Documentos terminados en 5: lunes 16 de mayo.<\/li><li>Documentos terminados en 6: martes 17 de mayo.<\/li><li>Documentos terminados en 7: jueves 19 de mayo.<\/li><li>Documentos terminados en 8: viernes 20 de mayo.<\/li><li>Documentos terminados en 9: lunes 23 de mayo.<\/li><\/ul>\n\n\n\n<p><a href=\"https:\/\/media.infocielo.com\/p\/665b572fac7bc23a2792b98e2a2c1016\/adjuntos\/299\/imagenes\/001\/385\/0001385480\/887x0\/smart\/anses-programa-acercarjpg.jpg\"><\/a><\/p>\n","protected":false},"excerpt":{"rendered":"<p>Contin\u00faa el calendario de pagos de Anses correspondiente al mes de mayo. Mir\u00e1 qui\u00e9nes cobran este lunes 9 de mayo. La\u00a0Administraci\u00f3n Nacional de la Seguridad Social (ANSES)\u00a0contin\u00faa su\u00a0calendario de pagos\u00a0correspondiente al mes de\u00a0mayo de 2022. En el mismo, constan las fechas de cobro de jubilaciones,\u00a0pensiones,\u00a0Asignaci\u00f3n Universal por Hijo (AUH), Asignaci\u00f3n Universal por Embarazo, Asignaciones Familiares, [&hellip;]<\/p>\n","protected":false},"author":4,"featured_media":74790,"comment_status":"closed","ping_status":"closed","sticky":false,"template":"","format":"standard","meta":{"om_disable_all_campaigns":false,"_jetpack_memberships_contains_paid_content":false,"footnotes":""},"categories":[101,2],"tags":[197,696,33,19],"class_list":["post-106767","post","type-post","status-publish","format-standard","has-post-thumbnail","hentry","category-interes-general-locales","category-locales","tag-buenos-aires","tag-interes-general","tag-locales","tag-san-pedro"],"aioseo_notices":[],"gutentor_comment":0,"jetpack_featured_media_url":"https:\/\/eldiariodesanpedro.com.ar\/sitio\/wp-content\/uploads\/2020\/06\/anses-4.jpg","jetpack_shortlink":"https:\/\/wp.me\/p6RhLt-rM3","jetpack_sharing_enabled":true,"_links":{"self":[{"href":"https:\/\/eldiariodesanpedro.com.ar\/sitio\/wp-json\/wp\/v2\/posts\/106767","targetHints":{"allow":["GET"]}}],"collection":[{"href":"https:\/\/eldiariodesanpedro.com.ar\/sitio\/wp-json\/wp\/v2\/posts"}],"about":[{"href":"https:\/\/eldiariodesanpedro.com.ar\/sitio\/wp-json\/wp\/v2\/types\/post"}],"author":[{"embeddable":true,"href":"https:\/\/eldiariodesanpedro.com.ar\/sitio\/wp-json\/wp\/v2\/users\/4"}],"replies":[{"embeddable":true,"href":"https:\/\/eldiariodesanpedro.com.ar\/sitio\/wp-json\/wp\/v2\/comments?post=106767"}],"version-history":[{"count":1,"href":"https:\/\/eldiariodesanpedro.com.ar\/sitio\/wp-json\/wp\/v2\/posts\/106767\/revisions"}],"predecessor-version":[{"id":106768,"href":"https:\/\/eldiariodesanpedro.com.ar\/sitio\/wp-json\/wp\/v2\/posts\/106767\/revisions\/106768"}],"wp:featuredmedia":[{"embeddable":true,"href":"https:\/\/eldiariodesanpedro.com.ar\/sitio\/wp-json\/wp\/v2\/media\/74790"}],"wp:attachment":[{"href":"https:\/\/eldiariodesanpedro.com.ar\/sitio\/wp-json\/wp\/v2\/media?parent=106767"}],"wp:term":[{"taxonomy":"category","embeddable":true,"href":"https:\/\/eldiariodesanpedro.com.ar\/sitio\/wp-json\/wp\/v2\/categories?post=106767"},{"taxonomy":"post_tag","embeddable":true,"href":"https:\/\/eldiariodesanpedro.com.ar\/sitio\/wp-json\/wp\/v2\/tags?post=106767"}],"curies":[{"name":"wp","href":"https:\/\/api.w.org\/{rel}","templated":true}]}}