{"id":106757,"date":"2022-05-06T11:12:09","date_gmt":"2022-05-06T14:12:09","guid":{"rendered":"https:\/\/eldiariodesanpedro.com.ar\/sitio\/?p=106757"},"modified":"2022-05-06T11:12:10","modified_gmt":"2022-05-06T14:12:10","slug":"joven-aprehendido-por-circular-con-un-cuchillo-en-via-publica","status":"publish","type":"post","link":"https:\/\/eldiariodesanpedro.com.ar\/sitio\/joven-aprehendido-por-circular-con-un-cuchillo-en-via-publica\/","title":{"rendered":"Joven aprehendido por circular con un cuchillo en v\u00eda p\u00fablica"},"content":{"rendered":"<!-- VideographyWP Plugin Message: Automatic video embedding prevented by plugin options. -->\n\n<p>En la jornada de ayer el personal policial de la Comisar\u00eda, promediando mediod\u00eda en Pellegrini y Arnaldo, donde aprehende y traslada a ciudadano mayor de edad de 19 a\u00f1os que se encontraba caminando por la v\u00eda p\u00fablica con un arma blanca, por lo que se le da intervenci\u00f3n al Juzgado de Paz Local\u00a0 labrando actuaciones por infracci\u00f3n al c\u00f3digo de faltas a la ley 8031.<\/p>\n","protected":false},"excerpt":{"rendered":"<p>En la jornada de ayer el personal policial de la Comisar\u00eda, promediando mediod\u00eda en Pellegrini y Arnaldo, donde aprehende y traslada a ciudadano mayor de edad de 19 a\u00f1os que se encontraba caminando por la v\u00eda p\u00fablica con un arma blanca, por lo que se le da intervenci\u00f3n al Juzgado de Paz Local\u00a0 labrando actuaciones [&hellip;]<\/p>\n","protected":false},"author":4,"featured_media":106758,"comment_status":"closed","ping_status":"closed","sticky":false,"template":"","format":"standard","meta":{"om_disable_all_campaigns":false,"_jetpack_memberships_contains_paid_content":false,"footnotes":""},"categories":[2,103],"tags":[197,33,95,19],"class_list":["post-106757","post","type-post","status-publish","format-standard","has-post-thumbnail","hentry","category-locales","category-policiales-locales","tag-buenos-aires","tag-locales","tag-policiales","tag-san-pedro"],"aioseo_notices":[],"gutentor_comment":0,"jetpack_featured_media_url":"https:\/\/eldiariodesanpedro.com.ar\/sitio\/wp-content\/uploads\/2022\/05\/WhatsApp-Image-2022-05-06-at-10.52.10-AM.jpeg","jetpack_shortlink":"https:\/\/wp.me\/p6RhLt-rLT","jetpack_sharing_enabled":true,"_links":{"self":[{"href":"https:\/\/eldiariodesanpedro.com.ar\/sitio\/wp-json\/wp\/v2\/posts\/106757","targetHints":{"allow":["GET"]}}],"collection":[{"href":"https:\/\/eldiariodesanpedro.com.ar\/sitio\/wp-json\/wp\/v2\/posts"}],"about":[{"href":"https:\/\/eldiariodesanpedro.com.ar\/sitio\/wp-json\/wp\/v2\/types\/post"}],"author":[{"embeddable":true,"href":"https:\/\/eldiariodesanpedro.com.ar\/sitio\/wp-json\/wp\/v2\/users\/4"}],"replies":[{"embeddable":true,"href":"https:\/\/eldiariodesanpedro.com.ar\/sitio\/wp-json\/wp\/v2\/comments?post=106757"}],"version-history":[{"count":1,"href":"https:\/\/eldiariodesanpedro.com.ar\/sitio\/wp-json\/wp\/v2\/posts\/106757\/revisions"}],"predecessor-version":[{"id":106759,"href":"https:\/\/eldiariodesanpedro.com.ar\/sitio\/wp-json\/wp\/v2\/posts\/106757\/revisions\/106759"}],"wp:featuredmedia":[{"embeddable":true,"href":"https:\/\/eldiariodesanpedro.com.ar\/sitio\/wp-json\/wp\/v2\/media\/106758"}],"wp:attachment":[{"href":"https:\/\/eldiariodesanpedro.com.ar\/sitio\/wp-json\/wp\/v2\/media?parent=106757"}],"wp:term":[{"taxonomy":"category","embeddable":true,"href":"https:\/\/eldiariodesanpedro.com.ar\/sitio\/wp-json\/wp\/v2\/categories?post=106757"},{"taxonomy":"post_tag","embeddable":true,"href":"https:\/\/eldiariodesanpedro.com.ar\/sitio\/wp-json\/wp\/v2\/tags?post=106757"}],"curies":[{"name":"wp","href":"https:\/\/api.w.org\/{rel}","templated":true}]}}