{"id":106750,"date":"2022-05-06T10:42:19","date_gmt":"2022-05-06T13:42:19","guid":{"rendered":"https:\/\/eldiariodesanpedro.com.ar\/sitio\/?p=106750"},"modified":"2022-05-06T10:42:19","modified_gmt":"2022-05-06T13:42:19","slug":"hernan-contreras-quiero-desmentir-los-supuestos-hechos-que-se-mencionan-en-mensajes-viralizados-en-los-ultimos-dias","status":"publish","type":"post","link":"https:\/\/eldiariodesanpedro.com.ar\/sitio\/hernan-contreras-quiero-desmentir-los-supuestos-hechos-que-se-mencionan-en-mensajes-viralizados-en-los-ultimos-dias\/","title":{"rendered":"Hernan Contreras: \u00abquiero desmentir los supuestos hechos que se mencionan en mensajes viralizados en los \u00faltimos d\u00edas\u00bb"},"content":{"rendered":"<!-- VideographyWP Plugin Message: Automatic video embedding prevented by plugin options. -->\n\n<p>En la jornada de hoy renuncio el Secretario de Coordinaci\u00f3n Hernan Contreras a su cargo como funcionario y envi\u00f3 un comunicado a los medios locales donde expresa los motivos por lo que tomo esta importante decisi\u00f3n. <\/p>\n\n\n\n<p><em>\u00abTristeza y dolor<\/em> <br><em>Por este medio quiero desmentir los supuestos hechos que se mencionan en mensajes viralizados en los \u00faltimos d\u00edas.<\/em> <br><em>El inmenso dolor sufrido por esta situaci\u00f3n, me lleva a la decisi\u00f3n de alejarme de la funci\u00f3n p\u00fablica y la pol\u00edtica.<\/em> <br><em>Agradezco la confianza depositada en mi, como profesional y como ciudadano para integrar esta gesti\u00f3n.<\/em> <br><em>Quiero invitar a la reflexi\u00f3n a quienes sin conocer la veracidad, favorecen la divulgaci\u00f3n de situaciones de este calibre, causando un da\u00f1o irreparable.<\/em> <br><em>Agradezco la infinidad de mensajes de apoyo, los guardo en mi coraz\u00f3n.<\/em> <br><em>Que Dios los bendiga\u00bb.<\/em><\/p>\n","protected":false},"excerpt":{"rendered":"<p>En la jornada de hoy renuncio el Secretario de Coordinaci\u00f3n Hernan Contreras a su cargo como funcionario y envi\u00f3 un comunicado a los medios locales donde expresa los motivos por lo que tomo esta importante decisi\u00f3n. \u00abTristeza y dolor Por este medio quiero desmentir los supuestos hechos que se mencionan en mensajes viralizados en los [&hellip;]<\/p>\n","protected":false},"author":4,"featured_media":16900,"comment_status":"closed","ping_status":"closed","sticky":false,"template":"","format":"standard","meta":{"om_disable_all_campaigns":false,"_jetpack_memberships_contains_paid_content":false,"footnotes":""},"categories":[50,101,2],"tags":[197,696,33,19],"class_list":["post-106750","post","type-post","status-publish","format-standard","has-post-thumbnail","hentry","category-destacadas","category-interes-general-locales","category-locales","tag-buenos-aires","tag-interes-general","tag-locales","tag-san-pedro"],"aioseo_notices":[],"gutentor_comment":0,"jetpack_featured_media_url":"https:\/\/eldiariodesanpedro.com.ar\/sitio\/wp-content\/uploads\/2017\/04\/Hernan-Contreras.png","jetpack_shortlink":"https:\/\/wp.me\/p6RhLt-rLM","jetpack_sharing_enabled":true,"_links":{"self":[{"href":"https:\/\/eldiariodesanpedro.com.ar\/sitio\/wp-json\/wp\/v2\/posts\/106750","targetHints":{"allow":["GET"]}}],"collection":[{"href":"https:\/\/eldiariodesanpedro.com.ar\/sitio\/wp-json\/wp\/v2\/posts"}],"about":[{"href":"https:\/\/eldiariodesanpedro.com.ar\/sitio\/wp-json\/wp\/v2\/types\/post"}],"author":[{"embeddable":true,"href":"https:\/\/eldiariodesanpedro.com.ar\/sitio\/wp-json\/wp\/v2\/users\/4"}],"replies":[{"embeddable":true,"href":"https:\/\/eldiariodesanpedro.com.ar\/sitio\/wp-json\/wp\/v2\/comments?post=106750"}],"version-history":[{"count":1,"href":"https:\/\/eldiariodesanpedro.com.ar\/sitio\/wp-json\/wp\/v2\/posts\/106750\/revisions"}],"predecessor-version":[{"id":106751,"href":"https:\/\/eldiariodesanpedro.com.ar\/sitio\/wp-json\/wp\/v2\/posts\/106750\/revisions\/106751"}],"wp:featuredmedia":[{"embeddable":true,"href":"https:\/\/eldiariodesanpedro.com.ar\/sitio\/wp-json\/wp\/v2\/media\/16900"}],"wp:attachment":[{"href":"https:\/\/eldiariodesanpedro.com.ar\/sitio\/wp-json\/wp\/v2\/media?parent=106750"}],"wp:term":[{"taxonomy":"category","embeddable":true,"href":"https:\/\/eldiariodesanpedro.com.ar\/sitio\/wp-json\/wp\/v2\/categories?post=106750"},{"taxonomy":"post_tag","embeddable":true,"href":"https:\/\/eldiariodesanpedro.com.ar\/sitio\/wp-json\/wp\/v2\/tags?post=106750"}],"curies":[{"name":"wp","href":"https:\/\/api.w.org\/{rel}","templated":true}]}}