{"id":10675,"date":"2016-11-24T19:31:46","date_gmt":"2016-11-24T22:31:46","guid":{"rendered":"https:\/\/eldiariodesanpedro.com.ar\/sitio\/?p=10675"},"modified":"2016-11-24T19:31:46","modified_gmt":"2016-11-24T22:31:46","slug":"la-ddi-zarate-campana-desbarato-una-banda-dedicada-a-las-entraderas-que-actuaba-en-la-region","status":"publish","type":"post","link":"https:\/\/eldiariodesanpedro.com.ar\/sitio\/la-ddi-zarate-campana-desbarato-una-banda-dedicada-a-las-entraderas-que-actuaba-en-la-region\/","title":{"rendered":"La DDI Z\u00e1rate-Campana desbarat\u00f3 una banda dedicada a las \u201centraderas\u201d que actuaba en la regi\u00f3n"},"content":{"rendered":"<p><!-- VideographyWP Plugin Message: Automatic video embedding prevented by plugin options. --><br \/>\nTras una exhaustiva tarea de investigaci\u00f3n que llev\u00f3 varios meses, personal de la DDI Z\u00e1rate-Campana, a cargo del comisario inspector Osvaldo Jofre y el jefe de Operaciones, comisario Rodolfo Ram\u00edrez, logr\u00f3 desbaratar una banda que operaba bajo la modalidad de \u201centradera\u201d.<\/p>\n<p>En el marco de una causa caratulada como \u201crobo calificado en poblado y en banda\u201d, tramitada por ante la UFIJ N\u00ba 2 de Campana, a cargo del Dr. Alejandro Irigoyen, se inici\u00f3 una investigaci\u00f3n que deriv\u00f3 entre este martes y mi\u00e9rcoles en una serie de allanamientos en Campana, Gral. Pacheco, Tigre y zona de islas del R\u00edo Paran\u00e1, ordenados por la Jueza de Garant\u00edas, Dra. Graciela Cione.<\/p>\n<p>Los resultados fueron altamente positivos, ya que pudo lograrse la detenci\u00f3n de todos los integrantes de la organizaci\u00f3n delictiva. Se secuestr\u00f3 un veh\u00edculo Renault Cl\u00edo, sindicado como el utilizado en los diferentes hechos denunciados y elementos sustra\u00eddos en los domicilios robados.<\/p>\n<p>Adem\u00e1s, los efectivos encontraron una gran cantidad de armas de fuego de grueso calibre: una escopeta Yildiz 12\/70; una carabina Marlyn 22 L; una carabina Mahely 22 L; una carabina Winchester 22 L; una pistola marca Colt calibre 41; 129 cartuchos 12\/70 y 38 municiones 22 L.<\/p>\n","protected":false},"excerpt":{"rendered":"<p>Tras una exhaustiva tarea de investigaci\u00f3n que llev\u00f3 varios meses, personal de la DDI Z\u00e1rate-Campana, a cargo del comisario inspector Osvaldo Jofre y el jefe de Operaciones, comisario Rodolfo Ram\u00edrez, logr\u00f3 desbaratar una banda que operaba bajo la modalidad de \u201centradera\u201d. En el marco de una causa caratulada como \u201crobo calificado en poblado y en [&hellip;]<\/p>\n","protected":false},"author":4,"featured_media":4059,"comment_status":"open","ping_status":"closed","sticky":false,"template":"","format":"standard","meta":{"om_disable_all_campaigns":false,"_jetpack_memberships_contains_paid_content":false,"footnotes":""},"categories":[621],"tags":[],"class_list":["post-10675","post","type-post","status-publish","format-standard","has-post-thumbnail","hentry","category-regionales"],"aioseo_notices":[],"gutentor_comment":0,"jetpack_featured_media_url":"https:\/\/eldiariodesanpedro.com.ar\/sitio\/wp-content\/uploads\/2016\/05\/policias-requechos.jpg","jetpack_shortlink":"https:\/\/wp.me\/p6RhLt-2Mb","jetpack_sharing_enabled":true,"_links":{"self":[{"href":"https:\/\/eldiariodesanpedro.com.ar\/sitio\/wp-json\/wp\/v2\/posts\/10675","targetHints":{"allow":["GET"]}}],"collection":[{"href":"https:\/\/eldiariodesanpedro.com.ar\/sitio\/wp-json\/wp\/v2\/posts"}],"about":[{"href":"https:\/\/eldiariodesanpedro.com.ar\/sitio\/wp-json\/wp\/v2\/types\/post"}],"author":[{"embeddable":true,"href":"https:\/\/eldiariodesanpedro.com.ar\/sitio\/wp-json\/wp\/v2\/users\/4"}],"replies":[{"embeddable":true,"href":"https:\/\/eldiariodesanpedro.com.ar\/sitio\/wp-json\/wp\/v2\/comments?post=10675"}],"version-history":[{"count":1,"href":"https:\/\/eldiariodesanpedro.com.ar\/sitio\/wp-json\/wp\/v2\/posts\/10675\/revisions"}],"predecessor-version":[{"id":10676,"href":"https:\/\/eldiariodesanpedro.com.ar\/sitio\/wp-json\/wp\/v2\/posts\/10675\/revisions\/10676"}],"wp:featuredmedia":[{"embeddable":true,"href":"https:\/\/eldiariodesanpedro.com.ar\/sitio\/wp-json\/wp\/v2\/media\/4059"}],"wp:attachment":[{"href":"https:\/\/eldiariodesanpedro.com.ar\/sitio\/wp-json\/wp\/v2\/media?parent=10675"}],"wp:term":[{"taxonomy":"category","embeddable":true,"href":"https:\/\/eldiariodesanpedro.com.ar\/sitio\/wp-json\/wp\/v2\/categories?post=10675"},{"taxonomy":"post_tag","embeddable":true,"href":"https:\/\/eldiariodesanpedro.com.ar\/sitio\/wp-json\/wp\/v2\/tags?post=10675"}],"curies":[{"name":"wp","href":"https:\/\/api.w.org\/{rel}","templated":true}]}}