{"id":106741,"date":"2022-05-06T09:44:50","date_gmt":"2022-05-06T12:44:50","guid":{"rendered":"https:\/\/eldiariodesanpedro.com.ar\/sitio\/?p=106741"},"modified":"2022-05-06T09:44:50","modified_gmt":"2022-05-06T12:44:50","slug":"renuncio-el-secretario-de-coordinacion-hernan-contreras","status":"publish","type":"post","link":"https:\/\/eldiariodesanpedro.com.ar\/sitio\/renuncio-el-secretario-de-coordinacion-hernan-contreras\/","title":{"rendered":"Renunci\u00f3 el Secretario de Coordinaci\u00f3n Hern\u00e1n Contreras"},"content":{"rendered":"<!-- VideographyWP Plugin Message: Automatic video embedding prevented by plugin options. -->\n\n<p>El funcionario hab\u00eda puesto a disposici\u00f3n su renuncia y el Intendente Ram\u00f3n Salazar se la acept\u00f3. La misma est\u00e1 fundada en cuestiones personales que calific\u00f3 como \u00bb injustos y falaces\u00bb.<\/p>\n\n\n\n<p>En las primeras horas del viernes y mediante un comunicado que dio a conocer el ejecutivo local qued\u00f3 confirmada la salida del Secretario de Coordinaci\u00f3n Hern\u00e1n Contreras.<\/p>\n\n\n\n<p>Hac\u00eda pocas horas el funcionario hab\u00eda puesto a disposici\u00f3n del Intendente Ram\u00f3n Salazar la renuncia y el mandatario se la termin\u00f3 aceptando.<\/p>\n\n\n\n<p>En el comunicado difundido por el \u00e1rea de prensa de la municipalidad de San Pedro se da a conocer la nota presentada por Contreras el d\u00eda jueves:<\/p>\n\n\n\n<p>\u00abMe dirijo a Usted para poner a su disposici\u00f3n mi renuncia al cargo de Secretario de Coordinaci\u00f3n a partir del d\u00eda de la fecha\u00bb.<\/p>\n\n\n\n<p>\u00abNo obstante considerar injustos y falaces los trascendidos, siento que ni mi familia ni yo tenemos que soportar estas situaciones y prefiero alejarme de la funci\u00f3n p\u00fablica, por lo que le pido que acepte mi dimisi\u00f3n\u00bb.<\/p>\n\n\n\n<p>\u00abLe agradezco profundamente a Usted y a su padre el haberme dado la posibilidad de integrar esta gesti\u00f3n de gobierno\u00bb.<\/p>\n","protected":false},"excerpt":{"rendered":"<p>El funcionario hab\u00eda puesto a disposici\u00f3n su renuncia y el Intendente Ram\u00f3n Salazar se la acept\u00f3. La misma est\u00e1 fundada en cuestiones personales que calific\u00f3 como \u00bb injustos y falaces\u00bb. En las primeras horas del viernes y mediante un comunicado que dio a conocer el ejecutivo local qued\u00f3 confirmada la salida del Secretario de Coordinaci\u00f3n [&hellip;]<\/p>\n","protected":false},"author":4,"featured_media":106742,"comment_status":"closed","ping_status":"closed","sticky":false,"template":"","format":"standard","meta":{"om_disable_all_campaigns":false,"_jetpack_memberships_contains_paid_content":false,"footnotes":""},"categories":[50,101,2],"tags":[197,696,33,19],"class_list":["post-106741","post","type-post","status-publish","format-standard","has-post-thumbnail","hentry","category-destacadas","category-interes-general-locales","category-locales","tag-buenos-aires","tag-interes-general","tag-locales","tag-san-pedro"],"aioseo_notices":[],"gutentor_comment":0,"jetpack_featured_media_url":"https:\/\/eldiariodesanpedro.com.ar\/sitio\/wp-content\/uploads\/2022\/05\/0000020869-resized-1920x1080-1.jpg","jetpack_shortlink":"https:\/\/wp.me\/p6RhLt-rLD","jetpack_sharing_enabled":true,"_links":{"self":[{"href":"https:\/\/eldiariodesanpedro.com.ar\/sitio\/wp-json\/wp\/v2\/posts\/106741","targetHints":{"allow":["GET"]}}],"collection":[{"href":"https:\/\/eldiariodesanpedro.com.ar\/sitio\/wp-json\/wp\/v2\/posts"}],"about":[{"href":"https:\/\/eldiariodesanpedro.com.ar\/sitio\/wp-json\/wp\/v2\/types\/post"}],"author":[{"embeddable":true,"href":"https:\/\/eldiariodesanpedro.com.ar\/sitio\/wp-json\/wp\/v2\/users\/4"}],"replies":[{"embeddable":true,"href":"https:\/\/eldiariodesanpedro.com.ar\/sitio\/wp-json\/wp\/v2\/comments?post=106741"}],"version-history":[{"count":1,"href":"https:\/\/eldiariodesanpedro.com.ar\/sitio\/wp-json\/wp\/v2\/posts\/106741\/revisions"}],"predecessor-version":[{"id":106743,"href":"https:\/\/eldiariodesanpedro.com.ar\/sitio\/wp-json\/wp\/v2\/posts\/106741\/revisions\/106743"}],"wp:featuredmedia":[{"embeddable":true,"href":"https:\/\/eldiariodesanpedro.com.ar\/sitio\/wp-json\/wp\/v2\/media\/106742"}],"wp:attachment":[{"href":"https:\/\/eldiariodesanpedro.com.ar\/sitio\/wp-json\/wp\/v2\/media?parent=106741"}],"wp:term":[{"taxonomy":"category","embeddable":true,"href":"https:\/\/eldiariodesanpedro.com.ar\/sitio\/wp-json\/wp\/v2\/categories?post=106741"},{"taxonomy":"post_tag","embeddable":true,"href":"https:\/\/eldiariodesanpedro.com.ar\/sitio\/wp-json\/wp\/v2\/tags?post=106741"}],"curies":[{"name":"wp","href":"https:\/\/api.w.org\/{rel}","templated":true}]}}