{"id":106729,"date":"2022-05-05T19:04:53","date_gmt":"2022-05-05T22:04:53","guid":{"rendered":"https:\/\/eldiariodesanpedro.com.ar\/sitio\/?p=106729"},"modified":"2022-05-05T19:04:54","modified_gmt":"2022-05-05T22:04:54","slug":"dos-choques-uno-de-ellos-entre-dos-motocicletas-en-la-zona-del-boule%ef%bf%bc","status":"publish","type":"post","link":"https:\/\/eldiariodesanpedro.com.ar\/sitio\/dos-choques-uno-de-ellos-entre-dos-motocicletas-en-la-zona-del-boule%ef%bf%bc\/","title":{"rendered":"Dos choques uno de ellos entre dos motocicletas en la zona del boule\ufffc"},"content":{"rendered":"<!-- VideographyWP Plugin Message: Automatic video embedding prevented by plugin options. -->\n\n<p>En la tarde de la jornada de hoy ocurrieron dos accidentes de tr\u00e1nsitos donde afortunadamente no hubo heridos de gravedad.<\/p>\n\n\n\n<p>El primero de ellos ocurri\u00f3 pasadas las 17 hs en la esquina de Salta y Obligado donde por motivos que se tratan de establecer colisionaron un autom\u00f3vil y una motocicleta conducida por una femenina que afortunadamente no sufri\u00f3 heridas e inclusive se neg\u00f3 a ser asistida por el SAME.<\/p>\n\n\n\n<p>El segundo siniestro ocurri\u00f3 alrededor de las 18:30 hs en calle 9 de Julio (en la zona del bule) a pocos metros de la bajada donde dos motocicletas chocaron por motivos que se tratan de establecer, en una de ella circulaba una femenina de 23 a\u00f1os que sufri\u00f3 traumatismo en su miembro superior derecho que fue trasladada por el SAME al nosocomio local y el otro conductor un&nbsp; joven con traumatismo miembro superior izquierda que se dirigi\u00f3 al hospital por su s propios medios.<\/p>\n","protected":false},"excerpt":{"rendered":"<p>En la tarde de la jornada de hoy ocurrieron dos accidentes de tr\u00e1nsitos donde afortunadamente no hubo heridos de gravedad. El primero de ellos ocurri\u00f3 pasadas las 17 hs en la esquina de Salta y Obligado donde por motivos que se tratan de establecer colisionaron un autom\u00f3vil y una motocicleta conducida por una femenina que [&hellip;]<\/p>\n","protected":false},"author":4,"featured_media":106730,"comment_status":"closed","ping_status":"closed","sticky":false,"template":"","format":"standard","meta":{"om_disable_all_campaigns":false,"_jetpack_memberships_contains_paid_content":false,"footnotes":""},"categories":[50,2,103],"tags":[197,33,95,19],"class_list":["post-106729","post","type-post","status-publish","format-standard","has-post-thumbnail","hentry","category-destacadas","category-locales","category-policiales-locales","tag-buenos-aires","tag-locales","tag-policiales","tag-san-pedro"],"aioseo_notices":[],"gutentor_comment":0,"jetpack_featured_media_url":"https:\/\/eldiariodesanpedro.com.ar\/sitio\/wp-content\/uploads\/2022\/05\/medida-4.jpg","jetpack_shortlink":"https:\/\/wp.me\/p6RhLt-rLr","jetpack_sharing_enabled":true,"_links":{"self":[{"href":"https:\/\/eldiariodesanpedro.com.ar\/sitio\/wp-json\/wp\/v2\/posts\/106729","targetHints":{"allow":["GET"]}}],"collection":[{"href":"https:\/\/eldiariodesanpedro.com.ar\/sitio\/wp-json\/wp\/v2\/posts"}],"about":[{"href":"https:\/\/eldiariodesanpedro.com.ar\/sitio\/wp-json\/wp\/v2\/types\/post"}],"author":[{"embeddable":true,"href":"https:\/\/eldiariodesanpedro.com.ar\/sitio\/wp-json\/wp\/v2\/users\/4"}],"replies":[{"embeddable":true,"href":"https:\/\/eldiariodesanpedro.com.ar\/sitio\/wp-json\/wp\/v2\/comments?post=106729"}],"version-history":[{"count":1,"href":"https:\/\/eldiariodesanpedro.com.ar\/sitio\/wp-json\/wp\/v2\/posts\/106729\/revisions"}],"predecessor-version":[{"id":106731,"href":"https:\/\/eldiariodesanpedro.com.ar\/sitio\/wp-json\/wp\/v2\/posts\/106729\/revisions\/106731"}],"wp:featuredmedia":[{"embeddable":true,"href":"https:\/\/eldiariodesanpedro.com.ar\/sitio\/wp-json\/wp\/v2\/media\/106730"}],"wp:attachment":[{"href":"https:\/\/eldiariodesanpedro.com.ar\/sitio\/wp-json\/wp\/v2\/media?parent=106729"}],"wp:term":[{"taxonomy":"category","embeddable":true,"href":"https:\/\/eldiariodesanpedro.com.ar\/sitio\/wp-json\/wp\/v2\/categories?post=106729"},{"taxonomy":"post_tag","embeddable":true,"href":"https:\/\/eldiariodesanpedro.com.ar\/sitio\/wp-json\/wp\/v2\/tags?post=106729"}],"curies":[{"name":"wp","href":"https:\/\/api.w.org\/{rel}","templated":true}]}}