{"id":106723,"date":"2022-05-05T18:35:03","date_gmt":"2022-05-05T21:35:03","guid":{"rendered":"https:\/\/eldiariodesanpedro.com.ar\/sitio\/?p=106723"},"modified":"2022-05-05T18:35:03","modified_gmt":"2022-05-05T21:35:03","slug":"alfredo-carrasco-asumio-como-secretario-de-gobierno","status":"publish","type":"post","link":"https:\/\/eldiariodesanpedro.com.ar\/sitio\/alfredo-carrasco-asumio-como-secretario-de-gobierno\/","title":{"rendered":"Alfredo Carrasco asumi\u00f3 como Secretario de Gobierno"},"content":{"rendered":"<!-- VideographyWP Plugin Message: Automatic video embedding prevented by plugin options. -->\n\n<p>En su despacho, esta ma\u00f1ana el Intendente Ram\u00f3n Salazar le tom\u00f3 juramento al nuevo Secretario de Gobierno Alfredo Carrasco en un acto del que participaron funcionarios del equipo de gobierno, la presidente del Honorable Concejo Deliberante M\u00f3nica Otero, integrantes del cuerpo legislativo, el ex intendente y miembro del Directorio de Trenes Argentinos Cargas Cecilio Salazar, el presidente del Partido Justicialista de San Pedro Nelson Vlaeminck, familiares y allegados.<\/p>\n\n\n\n<p>Carrasco, que regresa al gabinete municipal luego de haber sido Secretario de Desarrollo Econ\u00f3mico hasta diciembre pasado, expres\u00f3 su agradecimiento al Dr. Salazar por la confianza depositada para este nuevo desaf\u00edo y al ex Intendente Cecilio Salazar por la oportunidad de trabajar en conjunto por un San Pedro mejor.<\/p>\n\n\n\n<p>El funcionario reconoci\u00f3 tambi\u00e9n el apoyo de su familia, por acompa\u00f1arlo en esta decisi\u00f3n de estar a disposici\u00f3n permanente de la gesti\u00f3n con plenitud y dedicaci\u00f3n plena.<\/p>\n\n\n\n<p>El Intendente destac\u00f3 la importancia de esta nueva etapa contando con el nuevo secretario para fortalecer su gesti\u00f3n y continuar respondiendo a las cuestiones cotidianas y a los proyectos para el futuro. Agradeci\u00f3 adem\u00e1s la presencia de Cecilio y del hist\u00f3rico dirigente y actual presidente del PJ Nelson Vlaeminck.<\/p>\n\n\n\n<p>Record\u00f3 que junto a su padre ten\u00edan el sue\u00f1o de sacar a San Pedro adelante, \u201cy eso es lo que se est\u00e1 haciendo con la gesti\u00f3n que comenz\u00f3 Cecilio y ahora me toca continuar. Hemos transitado muchas situaciones dif\u00edciles juntos, nuestros or\u00edgenes son muy humildes y por eso siempre hemos salido adelante\u201d, se\u00f1al\u00f3.<\/p>\n\n\n\n<p>El Intendente se refiri\u00f3 a las obras conseguidas producto del trabajo y la conducci\u00f3n de la gesti\u00f3n, \u201ctenemos muchos sue\u00f1os por concretar y uno de ellos es iluminar la Ruta 1001 y no tengo dudas que lo vamos a hacer, adem\u00e1s de repavimentarla\u201d expres\u00f3.<\/p>\n\n\n\n<p>Habl\u00f3 adem\u00e1s de la repavimentaci\u00f3n de la ruta 191, la obra de reconstrucci\u00f3n del muelle del puerto, las m\u00e1s de mil cuadras pavimentadas, los playones deportivos y las viviendas que se est\u00e1n construyendo, entre otras concreciones \u201cque no son producto de la casualidad sino el resultado del trabajo y el esfuerzo.\u201d<\/p>\n\n\n\n<figure class=\"wp-block-image size-full\"><img decoding=\"async\" width=\"700\" height=\"630\" data-attachment-id=\"106725\" data-permalink=\"https:\/\/eldiariodesanpedro.com.ar\/sitio\/alfredo-carrasco-asumio-como-secretario-de-gobierno\/whatsapp-image-2022-05-05-at-6-24-25-pm\/\" data-orig-file=\"https:\/\/eldiariodesanpedro.com.ar\/sitio\/wp-content\/uploads\/2022\/05\/WhatsApp-Image-2022-05-05-at-6.24.25-PM.jpeg\" data-orig-size=\"700,630\" data-comments-opened=\"0\" data-image-meta=\"{&quot;aperture&quot;:&quot;0&quot;,&quot;credit&quot;:&quot;&quot;,&quot;camera&quot;:&quot;&quot;,&quot;caption&quot;:&quot;&quot;,&quot;created_timestamp&quot;:&quot;0&quot;,&quot;copyright&quot;:&quot;&quot;,&quot;focal_length&quot;:&quot;0&quot;,&quot;iso&quot;:&quot;0&quot;,&quot;shutter_speed&quot;:&quot;0&quot;,&quot;title&quot;:&quot;&quot;,&quot;orientation&quot;:&quot;0&quot;}\" data-image-title=\"carrazco\" data-image-description=\"\" data-image-caption=\"\" data-large-file=\"https:\/\/eldiariodesanpedro.com.ar\/sitio\/wp-content\/uploads\/2022\/05\/WhatsApp-Image-2022-05-05-at-6.24.25-PM.jpeg\" data-src=\"https:\/\/eldiariodesanpedro.com.ar\/sitio\/wp-content\/uploads\/2022\/05\/WhatsApp-Image-2022-05-05-at-6.24.25-PM.jpeg\" alt=\"\" class=\"wp-image-106725 lazyload\" data-srcset=\"https:\/\/eldiariodesanpedro.com.ar\/sitio\/wp-content\/uploads\/2022\/05\/WhatsApp-Image-2022-05-05-at-6.24.25-PM.jpeg 700w, https:\/\/eldiariodesanpedro.com.ar\/sitio\/wp-content\/uploads\/2022\/05\/WhatsApp-Image-2022-05-05-at-6.24.25-PM-300x270.jpeg 300w\" data-sizes=\"(max-width: 700px) 100vw, 700px\" src=\"data:image\/svg+xml;base64,PHN2ZyB3aWR0aD0iMSIgaGVpZ2h0PSIxIiB4bWxucz0iaHR0cDovL3d3dy53My5vcmcvMjAwMC9zdmciPjwvc3ZnPg==\" style=\"--smush-placeholder-width: 700px; --smush-placeholder-aspect-ratio: 700\/630;\" \/><\/figure>\n\n\n\n<figure class=\"wp-block-image size-full\"><img decoding=\"async\" width=\"945\" height=\"630\" data-attachment-id=\"106727\" data-permalink=\"https:\/\/eldiariodesanpedro.com.ar\/sitio\/alfredo-carrasco-asumio-como-secretario-de-gobierno\/whatsapp-image-2022-05-05-at-6-24-27-pm\/\" data-orig-file=\"https:\/\/eldiariodesanpedro.com.ar\/sitio\/wp-content\/uploads\/2022\/05\/WhatsApp-Image-2022-05-05-at-6.24.27-PM.jpeg\" data-orig-size=\"945,630\" data-comments-opened=\"0\" data-image-meta=\"{&quot;aperture&quot;:&quot;0&quot;,&quot;credit&quot;:&quot;&quot;,&quot;camera&quot;:&quot;&quot;,&quot;caption&quot;:&quot;&quot;,&quot;created_timestamp&quot;:&quot;0&quot;,&quot;copyright&quot;:&quot;&quot;,&quot;focal_length&quot;:&quot;0&quot;,&quot;iso&quot;:&quot;0&quot;,&quot;shutter_speed&quot;:&quot;0&quot;,&quot;title&quot;:&quot;&quot;,&quot;orientation&quot;:&quot;0&quot;}\" data-image-title=\"WhatsApp Image 2022-05-05 at 6.24.27 PM\" data-image-description=\"\" data-image-caption=\"\" data-large-file=\"https:\/\/eldiariodesanpedro.com.ar\/sitio\/wp-content\/uploads\/2022\/05\/WhatsApp-Image-2022-05-05-at-6.24.27-PM.jpeg\" data-src=\"https:\/\/eldiariodesanpedro.com.ar\/sitio\/wp-content\/uploads\/2022\/05\/WhatsApp-Image-2022-05-05-at-6.24.27-PM.jpeg\" alt=\"\" class=\"wp-image-106727 lazyload\" data-srcset=\"https:\/\/eldiariodesanpedro.com.ar\/sitio\/wp-content\/uploads\/2022\/05\/WhatsApp-Image-2022-05-05-at-6.24.27-PM.jpeg 945w, https:\/\/eldiariodesanpedro.com.ar\/sitio\/wp-content\/uploads\/2022\/05\/WhatsApp-Image-2022-05-05-at-6.24.27-PM-300x200.jpeg 300w, https:\/\/eldiariodesanpedro.com.ar\/sitio\/wp-content\/uploads\/2022\/05\/WhatsApp-Image-2022-05-05-at-6.24.27-PM-768x512.jpeg 768w\" data-sizes=\"(max-width: 945px) 100vw, 945px\" src=\"data:image\/svg+xml;base64,PHN2ZyB3aWR0aD0iMSIgaGVpZ2h0PSIxIiB4bWxucz0iaHR0cDovL3d3dy53My5vcmcvMjAwMC9zdmciPjwvc3ZnPg==\" style=\"--smush-placeholder-width: 945px; --smush-placeholder-aspect-ratio: 945\/630;\" \/><\/figure>\n\n\n\n<figure class=\"wp-block-image size-full\"><img decoding=\"async\" width=\"945\" height=\"630\" data-attachment-id=\"106726\" data-permalink=\"https:\/\/eldiariodesanpedro.com.ar\/sitio\/alfredo-carrasco-asumio-como-secretario-de-gobierno\/whatsapp-image-2022-05-05-at-6-24-26-pm\/\" data-orig-file=\"https:\/\/eldiariodesanpedro.com.ar\/sitio\/wp-content\/uploads\/2022\/05\/WhatsApp-Image-2022-05-05-at-6.24.26-PM.jpeg\" data-orig-size=\"945,630\" data-comments-opened=\"0\" data-image-meta=\"{&quot;aperture&quot;:&quot;0&quot;,&quot;credit&quot;:&quot;&quot;,&quot;camera&quot;:&quot;&quot;,&quot;caption&quot;:&quot;&quot;,&quot;created_timestamp&quot;:&quot;0&quot;,&quot;copyright&quot;:&quot;&quot;,&quot;focal_length&quot;:&quot;0&quot;,&quot;iso&quot;:&quot;0&quot;,&quot;shutter_speed&quot;:&quot;0&quot;,&quot;title&quot;:&quot;&quot;,&quot;orientation&quot;:&quot;0&quot;}\" data-image-title=\"WhatsApp Image 2022-05-05 at 6.24.26 PM\" data-image-description=\"\" data-image-caption=\"\" data-large-file=\"https:\/\/eldiariodesanpedro.com.ar\/sitio\/wp-content\/uploads\/2022\/05\/WhatsApp-Image-2022-05-05-at-6.24.26-PM.jpeg\" data-src=\"https:\/\/eldiariodesanpedro.com.ar\/sitio\/wp-content\/uploads\/2022\/05\/WhatsApp-Image-2022-05-05-at-6.24.26-PM.jpeg\" alt=\"\" class=\"wp-image-106726 lazyload\" data-srcset=\"https:\/\/eldiariodesanpedro.com.ar\/sitio\/wp-content\/uploads\/2022\/05\/WhatsApp-Image-2022-05-05-at-6.24.26-PM.jpeg 945w, https:\/\/eldiariodesanpedro.com.ar\/sitio\/wp-content\/uploads\/2022\/05\/WhatsApp-Image-2022-05-05-at-6.24.26-PM-300x200.jpeg 300w, https:\/\/eldiariodesanpedro.com.ar\/sitio\/wp-content\/uploads\/2022\/05\/WhatsApp-Image-2022-05-05-at-6.24.26-PM-768x512.jpeg 768w\" data-sizes=\"(max-width: 945px) 100vw, 945px\" src=\"data:image\/svg+xml;base64,PHN2ZyB3aWR0aD0iMSIgaGVpZ2h0PSIxIiB4bWxucz0iaHR0cDovL3d3dy53My5vcmcvMjAwMC9zdmciPjwvc3ZnPg==\" style=\"--smush-placeholder-width: 945px; --smush-placeholder-aspect-ratio: 945\/630;\" \/><\/figure>\n","protected":false},"excerpt":{"rendered":"<p>En su despacho, esta ma\u00f1ana el Intendente Ram\u00f3n Salazar le tom\u00f3 juramento al nuevo Secretario de Gobierno Alfredo Carrasco en un acto del que participaron funcionarios del equipo de gobierno, la presidente del Honorable Concejo Deliberante M\u00f3nica Otero, integrantes del cuerpo legislativo, el ex intendente y miembro del Directorio de Trenes Argentinos Cargas Cecilio Salazar, [&hellip;]<\/p>\n","protected":false},"author":4,"featured_media":106724,"comment_status":"closed","ping_status":"closed","sticky":false,"template":"","format":"standard","meta":{"om_disable_all_campaigns":false,"_jetpack_memberships_contains_paid_content":false,"footnotes":""},"categories":[50,101,2],"tags":[197,696,33,19],"class_list":["post-106723","post","type-post","status-publish","format-standard","has-post-thumbnail","hentry","category-destacadas","category-interes-general-locales","category-locales","tag-buenos-aires","tag-interes-general","tag-locales","tag-san-pedro"],"aioseo_notices":[],"gutentor_comment":0,"jetpack_featured_media_url":"https:\/\/eldiariodesanpedro.com.ar\/sitio\/wp-content\/uploads\/2022\/05\/WhatsApp-Image-2022-05-05-at-6.24.25-PM-1.jpeg","jetpack_shortlink":"https:\/\/wp.me\/p6RhLt-rLl","jetpack_sharing_enabled":true,"_links":{"self":[{"href":"https:\/\/eldiariodesanpedro.com.ar\/sitio\/wp-json\/wp\/v2\/posts\/106723","targetHints":{"allow":["GET"]}}],"collection":[{"href":"https:\/\/eldiariodesanpedro.com.ar\/sitio\/wp-json\/wp\/v2\/posts"}],"about":[{"href":"https:\/\/eldiariodesanpedro.com.ar\/sitio\/wp-json\/wp\/v2\/types\/post"}],"author":[{"embeddable":true,"href":"https:\/\/eldiariodesanpedro.com.ar\/sitio\/wp-json\/wp\/v2\/users\/4"}],"replies":[{"embeddable":true,"href":"https:\/\/eldiariodesanpedro.com.ar\/sitio\/wp-json\/wp\/v2\/comments?post=106723"}],"version-history":[{"count":1,"href":"https:\/\/eldiariodesanpedro.com.ar\/sitio\/wp-json\/wp\/v2\/posts\/106723\/revisions"}],"predecessor-version":[{"id":106728,"href":"https:\/\/eldiariodesanpedro.com.ar\/sitio\/wp-json\/wp\/v2\/posts\/106723\/revisions\/106728"}],"wp:featuredmedia":[{"embeddable":true,"href":"https:\/\/eldiariodesanpedro.com.ar\/sitio\/wp-json\/wp\/v2\/media\/106724"}],"wp:attachment":[{"href":"https:\/\/eldiariodesanpedro.com.ar\/sitio\/wp-json\/wp\/v2\/media?parent=106723"}],"wp:term":[{"taxonomy":"category","embeddable":true,"href":"https:\/\/eldiariodesanpedro.com.ar\/sitio\/wp-json\/wp\/v2\/categories?post=106723"},{"taxonomy":"post_tag","embeddable":true,"href":"https:\/\/eldiariodesanpedro.com.ar\/sitio\/wp-json\/wp\/v2\/tags?post=106723"}],"curies":[{"name":"wp","href":"https:\/\/api.w.org\/{rel}","templated":true}]}}