{"id":106711,"date":"2022-05-05T11:37:21","date_gmt":"2022-05-05T14:37:21","guid":{"rendered":"https:\/\/eldiariodesanpedro.com.ar\/sitio\/?p=106711"},"modified":"2022-05-05T11:37:22","modified_gmt":"2022-05-05T14:37:22","slug":"la-direccion-de-rentas-brinda-informacion-para-contribuyentes","status":"publish","type":"post","link":"https:\/\/eldiariodesanpedro.com.ar\/sitio\/la-direccion-de-rentas-brinda-informacion-para-contribuyentes\/","title":{"rendered":"La Direcci\u00f3n de Rentas brinda informaci\u00f3n para contribuyentes"},"content":{"rendered":"<!-- VideographyWP Plugin Message: Automatic video embedding prevented by plugin options. -->\n\n<p>La Direcci\u00f3n de Rentas de la Municipalidad de San Pedro recuerda que las facturas electr\u00f3nicas de las tasas municipales pueden descargarse de la p\u00e1gina web oficial www.sanpedro.gob.ar.<\/p>\n\n\n\n<p>Los contribuyentes que hayan cumplido el reempadronamiento e ingresen a trav\u00e9s de la secci\u00f3n \u00abGobierno Digital\u00bb pueden hacerlo de manera simple para luego realizar el pago a trav\u00e9s de las diferentes alternativas disponibles.<\/p>\n\n\n\n<p>Se recuerda adem\u00e1s que el pr\u00f3ximo 20 de mayo operan los siguientes vencimientos:<\/p>\n\n\n\n<ul class=\"wp-block-list\"><li>Servicios Sanitarios (Valuaci\u00f3n) \u2013 cuota 3\/2022.<\/li><li>Servicios Sanitarios Medido \u2013 cuota 5\/2022.<\/li><li>Seguridad e Higiene (M\u00ednimos Especiales) \u2013 cuota 5\/2022.<\/li><li>Uso y Ocupaci\u00f3n \u2013 cuota 5\/2022.<\/li><\/ul>\n\n\n\n<p>*Convenios no asociados \u2013 cuota correspondiente a Mayo.<\/p>\n\n\n\n<p>La tasa de Seguridad e Higiene liquidada por base imponible de Ingresos Brutos vencer\u00e1 el 26 de mayo.<\/p>\n\n\n\n<p>Ante cualquier consulta pueden comunicarse de 8 a 14 al whatsapp 3329-641517.<\/p>\n","protected":false},"excerpt":{"rendered":"<p>La Direcci\u00f3n de Rentas de la Municipalidad de San Pedro recuerda que las facturas electr\u00f3nicas de las tasas municipales pueden descargarse de la p\u00e1gina web oficial www.sanpedro.gob.ar. Los contribuyentes que hayan cumplido el reempadronamiento e ingresen a trav\u00e9s de la secci\u00f3n \u00abGobierno Digital\u00bb pueden hacerlo de manera simple para luego realizar el pago a trav\u00e9s [&hellip;]<\/p>\n","protected":false},"author":4,"featured_media":3907,"comment_status":"closed","ping_status":"closed","sticky":false,"template":"","format":"standard","meta":{"om_disable_all_campaigns":false,"_jetpack_memberships_contains_paid_content":false,"footnotes":""},"categories":[101,2],"tags":[197,696,33,19],"class_list":["post-106711","post","type-post","status-publish","format-standard","has-post-thumbnail","hentry","category-interes-general-locales","category-locales","tag-buenos-aires","tag-interes-general","tag-locales","tag-san-pedro"],"aioseo_notices":[],"gutentor_comment":0,"jetpack_featured_media_url":"https:\/\/eldiariodesanpedro.com.ar\/sitio\/wp-content\/uploads\/2016\/05\/rentas.jpg","jetpack_shortlink":"https:\/\/wp.me\/p6RhLt-rL9","jetpack_sharing_enabled":true,"_links":{"self":[{"href":"https:\/\/eldiariodesanpedro.com.ar\/sitio\/wp-json\/wp\/v2\/posts\/106711","targetHints":{"allow":["GET"]}}],"collection":[{"href":"https:\/\/eldiariodesanpedro.com.ar\/sitio\/wp-json\/wp\/v2\/posts"}],"about":[{"href":"https:\/\/eldiariodesanpedro.com.ar\/sitio\/wp-json\/wp\/v2\/types\/post"}],"author":[{"embeddable":true,"href":"https:\/\/eldiariodesanpedro.com.ar\/sitio\/wp-json\/wp\/v2\/users\/4"}],"replies":[{"embeddable":true,"href":"https:\/\/eldiariodesanpedro.com.ar\/sitio\/wp-json\/wp\/v2\/comments?post=106711"}],"version-history":[{"count":1,"href":"https:\/\/eldiariodesanpedro.com.ar\/sitio\/wp-json\/wp\/v2\/posts\/106711\/revisions"}],"predecessor-version":[{"id":106712,"href":"https:\/\/eldiariodesanpedro.com.ar\/sitio\/wp-json\/wp\/v2\/posts\/106711\/revisions\/106712"}],"wp:featuredmedia":[{"embeddable":true,"href":"https:\/\/eldiariodesanpedro.com.ar\/sitio\/wp-json\/wp\/v2\/media\/3907"}],"wp:attachment":[{"href":"https:\/\/eldiariodesanpedro.com.ar\/sitio\/wp-json\/wp\/v2\/media?parent=106711"}],"wp:term":[{"taxonomy":"category","embeddable":true,"href":"https:\/\/eldiariodesanpedro.com.ar\/sitio\/wp-json\/wp\/v2\/categories?post=106711"},{"taxonomy":"post_tag","embeddable":true,"href":"https:\/\/eldiariodesanpedro.com.ar\/sitio\/wp-json\/wp\/v2\/tags?post=106711"}],"curies":[{"name":"wp","href":"https:\/\/api.w.org\/{rel}","templated":true}]}}