{"id":10671,"date":"2016-11-24T19:30:10","date_gmt":"2016-11-24T22:30:10","guid":{"rendered":"https:\/\/eldiariodesanpedro.com.ar\/sitio\/?p=10671"},"modified":"2016-11-24T19:30:10","modified_gmt":"2016-11-24T22:30:10","slug":"campana-operativos-de-fumigacion-contra-la-gata-peluda","status":"publish","type":"post","link":"https:\/\/eldiariodesanpedro.com.ar\/sitio\/campana-operativos-de-fumigacion-contra-la-gata-peluda\/","title":{"rendered":"CAMPANA: Operativos de fumigaci\u00f3n contra la \u201cgata peluda\u201d"},"content":{"rendered":"<p><!-- VideographyWP Plugin Message: Automatic video embedding prevented by plugin options. --><br \/>\nEl Municipio, a trav\u00e9s de la Direcci\u00f3n de Bromatolog\u00eda y Zoonosis, comenz\u00f3 esta semana con operativos de fumigaci\u00f3n contra la oruga peluda, com\u00fanmente llamada \u201cgata peluda\u201d, para evitar su proliferaci\u00f3n ya que afecta principalmente a los \u00e1rboles pero tambi\u00e9n pueden producir afecciones al\u00e9rgicas a la poblaci\u00f3n.<\/p>\n<p>Los trabajos est\u00e1n a cargo de personal especializado con productos no t\u00f3xicos para los ciudadanos y, de acuerdo a lo informado, como prioridad se fumigar\u00e1n los establecimientos educativos de la ciudad.<\/p>\n<p>En este marco, el lunes se trabaj\u00f3 en los Colegio Dante Alighieri y An\u00edbal Di Francia, y el Jard\u00edn de Infantes N\u00ba 914, mientras que el martes se hizo lo propio en los Jardines de Infantes N\u00ba 906 y 911 y la Escuela Primaria N\u00ba 17, y hoy en la Escuela N\u00ba9 en la plaza del barrio Siderca.<\/p>\n<p>Ma\u00f1ana, en tanto, ayer se hizo lo mismo en la Escuela T\u00e9cnica Luciano Reyes y en el jard\u00edn del barrio Siderca; el viernes en la plaza Espa\u00f1a y, el s\u00e1bado, en la plaza Eduardo Costa.<\/p>\n<p>El cronograma de fumigaci\u00f3n continuar\u00e1 extendi\u00e9ndose durante noviembre y diciembre alcanzando otros establecimientos educativos y espacios p\u00fablicos de la ciudad. <\/p>\n","protected":false},"excerpt":{"rendered":"<p>El Municipio, a trav\u00e9s de la Direcci\u00f3n de Bromatolog\u00eda y Zoonosis, comenz\u00f3 esta semana con operativos de fumigaci\u00f3n contra la oruga peluda, com\u00fanmente llamada \u201cgata peluda\u201d, para evitar su proliferaci\u00f3n ya que afecta principalmente a los \u00e1rboles pero tambi\u00e9n pueden producir afecciones al\u00e9rgicas a la poblaci\u00f3n. Los trabajos est\u00e1n a cargo de personal especializado con [&hellip;]<\/p>\n","protected":false},"author":4,"featured_media":10674,"comment_status":"open","ping_status":"closed","sticky":false,"template":"","format":"standard","meta":{"om_disable_all_campaigns":false,"_jetpack_memberships_contains_paid_content":false,"footnotes":""},"categories":[621],"tags":[],"class_list":["post-10671","post","type-post","status-publish","format-standard","has-post-thumbnail","hentry","category-regionales"],"aioseo_notices":[],"gutentor_comment":0,"jetpack_featured_media_url":"https:\/\/eldiariodesanpedro.com.ar\/sitio\/wp-content\/uploads\/2016\/11\/oruga-peluda-1.jpg","jetpack_shortlink":"https:\/\/wp.me\/p6RhLt-2M7","jetpack_sharing_enabled":true,"_links":{"self":[{"href":"https:\/\/eldiariodesanpedro.com.ar\/sitio\/wp-json\/wp\/v2\/posts\/10671","targetHints":{"allow":["GET"]}}],"collection":[{"href":"https:\/\/eldiariodesanpedro.com.ar\/sitio\/wp-json\/wp\/v2\/posts"}],"about":[{"href":"https:\/\/eldiariodesanpedro.com.ar\/sitio\/wp-json\/wp\/v2\/types\/post"}],"author":[{"embeddable":true,"href":"https:\/\/eldiariodesanpedro.com.ar\/sitio\/wp-json\/wp\/v2\/users\/4"}],"replies":[{"embeddable":true,"href":"https:\/\/eldiariodesanpedro.com.ar\/sitio\/wp-json\/wp\/v2\/comments?post=10671"}],"version-history":[{"count":1,"href":"https:\/\/eldiariodesanpedro.com.ar\/sitio\/wp-json\/wp\/v2\/posts\/10671\/revisions"}],"predecessor-version":[{"id":10673,"href":"https:\/\/eldiariodesanpedro.com.ar\/sitio\/wp-json\/wp\/v2\/posts\/10671\/revisions\/10673"}],"wp:featuredmedia":[{"embeddable":true,"href":"https:\/\/eldiariodesanpedro.com.ar\/sitio\/wp-json\/wp\/v2\/media\/10674"}],"wp:attachment":[{"href":"https:\/\/eldiariodesanpedro.com.ar\/sitio\/wp-json\/wp\/v2\/media?parent=10671"}],"wp:term":[{"taxonomy":"category","embeddable":true,"href":"https:\/\/eldiariodesanpedro.com.ar\/sitio\/wp-json\/wp\/v2\/categories?post=10671"},{"taxonomy":"post_tag","embeddable":true,"href":"https:\/\/eldiariodesanpedro.com.ar\/sitio\/wp-json\/wp\/v2\/tags?post=10671"}],"curies":[{"name":"wp","href":"https:\/\/api.w.org\/{rel}","templated":true}]}}