{"id":106709,"date":"2022-05-05T11:26:15","date_gmt":"2022-05-05T14:26:15","guid":{"rendered":"https:\/\/eldiariodesanpedro.com.ar\/sitio\/?p=106709"},"modified":"2022-05-05T11:26:15","modified_gmt":"2022-05-05T14:26:15","slug":"grave-robo-a-una-familia-en-vuelta-de-obligado%ef%bf%bc","status":"publish","type":"post","link":"https:\/\/eldiariodesanpedro.com.ar\/sitio\/grave-robo-a-una-familia-en-vuelta-de-obligado%ef%bf%bc\/","title":{"rendered":"Grave robo a una familia en Vuelta de Obligado\ufffc"},"content":{"rendered":"<!-- VideographyWP Plugin Message: Automatic video embedding prevented by plugin options. -->\n\n<p>El mi\u00e9rcoles promediando las 22:30 horas, la polic\u00eda interviene en un hecho consumado en calle Thorne Paraje de Vuelta de Obligado, donde a un matrimonio conformado por un ciudadano de 66 a\u00f1os y una mujer de 63 a\u00f1os de edad, su hija de 35 a\u00f1os y su pareja de 36 a\u00f1os son sorprendidos por lo m\u00ednimo 3 delincuentes uno de ellos armados, que los reducen y les sustraen dinero efectivo y 3 tel\u00e9fonos celulares fug\u00e1ndose en autom\u00f3vil.&nbsp;<\/p>\n\n\n\n<p>Al momento de la fuga un vecino realiz\u00f3 una persecuci\u00f3n con los delincuentes recibiendo disparos de arma de fuego en su autom\u00f3vil.<\/p>\n\n\n\n<p>Posteriormente la polic\u00eda tras averiguaciones y recorridas logr\u00f3 el secuestro de tel\u00e9fonos celulares sustra\u00eddos, hall\u00e1ndose abandonados en Lucio Mansilla y acceso a Gobernador Castro, zona rural.&nbsp;<\/p>\n\n\n\n<p>Se realizaron pericias de la polic\u00eda cient\u00edfica presente personal judicial en el lugar. DDI local.<\/p>\n","protected":false},"excerpt":{"rendered":"<p>El mi\u00e9rcoles promediando las 22:30 horas, la polic\u00eda interviene en un hecho consumado en calle Thorne Paraje de Vuelta de Obligado, donde a un matrimonio conformado por un ciudadano de 66 a\u00f1os y una mujer de 63 a\u00f1os de edad, su hija de 35 a\u00f1os y su pareja de 36 a\u00f1os son sorprendidos por lo [&hellip;]<\/p>\n","protected":false},"author":4,"featured_media":61214,"comment_status":"closed","ping_status":"closed","sticky":false,"template":"","format":"standard","meta":{"om_disable_all_campaigns":false,"_jetpack_memberships_contains_paid_content":false,"footnotes":""},"categories":[50,2,103],"tags":[197,33,95,19],"class_list":["post-106709","post","type-post","status-publish","format-standard","has-post-thumbnail","hentry","category-destacadas","category-locales","category-policiales-locales","tag-buenos-aires","tag-locales","tag-policiales","tag-san-pedro"],"aioseo_notices":[],"gutentor_comment":0,"jetpack_featured_media_url":"https:\/\/eldiariodesanpedro.com.ar\/sitio\/wp-content\/uploads\/2019\/10\/patrullas-policia-noche.jpg","jetpack_shortlink":"https:\/\/wp.me\/p6RhLt-rL7","jetpack_sharing_enabled":true,"_links":{"self":[{"href":"https:\/\/eldiariodesanpedro.com.ar\/sitio\/wp-json\/wp\/v2\/posts\/106709","targetHints":{"allow":["GET"]}}],"collection":[{"href":"https:\/\/eldiariodesanpedro.com.ar\/sitio\/wp-json\/wp\/v2\/posts"}],"about":[{"href":"https:\/\/eldiariodesanpedro.com.ar\/sitio\/wp-json\/wp\/v2\/types\/post"}],"author":[{"embeddable":true,"href":"https:\/\/eldiariodesanpedro.com.ar\/sitio\/wp-json\/wp\/v2\/users\/4"}],"replies":[{"embeddable":true,"href":"https:\/\/eldiariodesanpedro.com.ar\/sitio\/wp-json\/wp\/v2\/comments?post=106709"}],"version-history":[{"count":1,"href":"https:\/\/eldiariodesanpedro.com.ar\/sitio\/wp-json\/wp\/v2\/posts\/106709\/revisions"}],"predecessor-version":[{"id":106710,"href":"https:\/\/eldiariodesanpedro.com.ar\/sitio\/wp-json\/wp\/v2\/posts\/106709\/revisions\/106710"}],"wp:featuredmedia":[{"embeddable":true,"href":"https:\/\/eldiariodesanpedro.com.ar\/sitio\/wp-json\/wp\/v2\/media\/61214"}],"wp:attachment":[{"href":"https:\/\/eldiariodesanpedro.com.ar\/sitio\/wp-json\/wp\/v2\/media?parent=106709"}],"wp:term":[{"taxonomy":"category","embeddable":true,"href":"https:\/\/eldiariodesanpedro.com.ar\/sitio\/wp-json\/wp\/v2\/categories?post=106709"},{"taxonomy":"post_tag","embeddable":true,"href":"https:\/\/eldiariodesanpedro.com.ar\/sitio\/wp-json\/wp\/v2\/tags?post=106709"}],"curies":[{"name":"wp","href":"https:\/\/api.w.org\/{rel}","templated":true}]}}