{"id":106706,"date":"2022-05-05T11:14:43","date_gmt":"2022-05-05T14:14:43","guid":{"rendered":"https:\/\/eldiariodesanpedro.com.ar\/sitio\/?p=106706"},"modified":"2022-05-05T11:14:43","modified_gmt":"2022-05-05T14:14:43","slug":"se-secuestraron-una-motocicleta-y-un-automovil-en-operativo-de-transito%ef%bf%bc","status":"publish","type":"post","link":"https:\/\/eldiariodesanpedro.com.ar\/sitio\/se-secuestraron-una-motocicleta-y-un-automovil-en-operativo-de-transito%ef%bf%bc\/","title":{"rendered":"Se secuestraron una motocicleta y un autom\u00f3vil en operativo de tr\u00e1nsito\ufffc"},"content":{"rendered":"<!-- VideographyWP Plugin Message: Automatic video embedding prevented by plugin options. -->\n\n<p>El personal policial en conjunto con el personal de la Direcci\u00f3n de Tr\u00e1nsito realiz\u00f3 el secuestro se hace presente en operativo interceptaci\u00f3n y prevenci\u00f3n en calle Saavedra y 25 de Mayo, procedi\u00f3 al secuestro de una motocicleta conducida por una mujer de 35 a\u00f1os de edad y un autom\u00f3vil conducido por un ciudadano de 18 a\u00f1os de edad, los cuales carec\u00edan de documentaci\u00f3n habilitante para circular.\u00a0\u00a0<\/p>\n","protected":false},"excerpt":{"rendered":"<p>El personal policial en conjunto con el personal de la Direcci\u00f3n de Tr\u00e1nsito realiz\u00f3 el secuestro se hace presente en operativo interceptaci\u00f3n y prevenci\u00f3n en calle Saavedra y 25 de Mayo, procedi\u00f3 al secuestro de una motocicleta conducida por una mujer de 35 a\u00f1os de edad y un autom\u00f3vil conducido por un ciudadano de 18 [&hellip;]<\/p>\n","protected":false},"author":4,"featured_media":106707,"comment_status":"closed","ping_status":"closed","sticky":false,"template":"","format":"standard","meta":{"om_disable_all_campaigns":false,"_jetpack_memberships_contains_paid_content":false,"footnotes":""},"categories":[2,103],"tags":[197,33,95,19],"class_list":["post-106706","post","type-post","status-publish","format-standard","has-post-thumbnail","hentry","category-locales","category-policiales-locales","tag-buenos-aires","tag-locales","tag-policiales","tag-san-pedro"],"aioseo_notices":[],"gutentor_comment":0,"jetpack_featured_media_url":"https:\/\/eldiariodesanpedro.com.ar\/sitio\/wp-content\/uploads\/2022\/05\/medida-2.jpg","jetpack_shortlink":"https:\/\/wp.me\/p6RhLt-rL4","jetpack_sharing_enabled":true,"_links":{"self":[{"href":"https:\/\/eldiariodesanpedro.com.ar\/sitio\/wp-json\/wp\/v2\/posts\/106706","targetHints":{"allow":["GET"]}}],"collection":[{"href":"https:\/\/eldiariodesanpedro.com.ar\/sitio\/wp-json\/wp\/v2\/posts"}],"about":[{"href":"https:\/\/eldiariodesanpedro.com.ar\/sitio\/wp-json\/wp\/v2\/types\/post"}],"author":[{"embeddable":true,"href":"https:\/\/eldiariodesanpedro.com.ar\/sitio\/wp-json\/wp\/v2\/users\/4"}],"replies":[{"embeddable":true,"href":"https:\/\/eldiariodesanpedro.com.ar\/sitio\/wp-json\/wp\/v2\/comments?post=106706"}],"version-history":[{"count":1,"href":"https:\/\/eldiariodesanpedro.com.ar\/sitio\/wp-json\/wp\/v2\/posts\/106706\/revisions"}],"predecessor-version":[{"id":106708,"href":"https:\/\/eldiariodesanpedro.com.ar\/sitio\/wp-json\/wp\/v2\/posts\/106706\/revisions\/106708"}],"wp:featuredmedia":[{"embeddable":true,"href":"https:\/\/eldiariodesanpedro.com.ar\/sitio\/wp-json\/wp\/v2\/media\/106707"}],"wp:attachment":[{"href":"https:\/\/eldiariodesanpedro.com.ar\/sitio\/wp-json\/wp\/v2\/media?parent=106706"}],"wp:term":[{"taxonomy":"category","embeddable":true,"href":"https:\/\/eldiariodesanpedro.com.ar\/sitio\/wp-json\/wp\/v2\/categories?post=106706"},{"taxonomy":"post_tag","embeddable":true,"href":"https:\/\/eldiariodesanpedro.com.ar\/sitio\/wp-json\/wp\/v2\/tags?post=106706"}],"curies":[{"name":"wp","href":"https:\/\/api.w.org\/{rel}","templated":true}]}}