{"id":106704,"date":"2022-05-05T10:54:06","date_gmt":"2022-05-05T13:54:06","guid":{"rendered":"https:\/\/eldiariodesanpedro.com.ar\/sitio\/?p=106704"},"modified":"2022-05-05T10:54:06","modified_gmt":"2022-05-05T13:54:06","slug":"denuncia-por-estafa-a-traves-de-whatsapp","status":"publish","type":"post","link":"https:\/\/eldiariodesanpedro.com.ar\/sitio\/denuncia-por-estafa-a-traves-de-whatsapp\/","title":{"rendered":"Denuncia por estafa a trav\u00e9s de WhatsApp"},"content":{"rendered":"<!-- VideographyWP Plugin Message: Automatic video embedding prevented by plugin options. -->\n\n<p>En la jornada de ayer se denunci\u00f3 que un joven fue enga\u00f1ado a trav\u00e9s del sistema de mensajer\u00eda Whatsapp. <\/p>\n\n\n\n<p>Ayer mi\u00e9rcoles denunci\u00f3 un ciudadano de 57 a\u00f1os, quien v\u00eda aplicaci\u00f3n WhatsApp fue enga\u00f1ado por desconocido que logr\u00f3 hackear el tel\u00e9fono de un amigo, que le solicit\u00f3 dinero, realizando transferencia por $15 mil, percat\u00e1ndose luego que fue enga\u00f1ado en su buena fe.<\/p>\n\n\n\n<p><\/p>\n","protected":false},"excerpt":{"rendered":"<p>En la jornada de ayer se denunci\u00f3 que un joven fue enga\u00f1ado a trav\u00e9s del sistema de mensajer\u00eda Whatsapp. Ayer mi\u00e9rcoles denunci\u00f3 un ciudadano de 57 a\u00f1os, quien v\u00eda aplicaci\u00f3n WhatsApp fue enga\u00f1ado por desconocido que logr\u00f3 hackear el tel\u00e9fono de un amigo, que le solicit\u00f3 dinero, realizando transferencia por $15 mil, percat\u00e1ndose luego que [&hellip;]<\/p>\n","protected":false},"author":4,"featured_media":83793,"comment_status":"closed","ping_status":"closed","sticky":false,"template":"","format":"standard","meta":{"om_disable_all_campaigns":false,"_jetpack_memberships_contains_paid_content":false,"footnotes":""},"categories":[2,103],"tags":[197,33,95,19],"class_list":["post-106704","post","type-post","status-publish","format-standard","has-post-thumbnail","hentry","category-locales","category-policiales-locales","tag-buenos-aires","tag-locales","tag-policiales","tag-san-pedro"],"aioseo_notices":[],"gutentor_comment":0,"jetpack_featured_media_url":"https:\/\/eldiariodesanpedro.com.ar\/sitio\/wp-content\/uploads\/2020\/11\/estafa.jpg","jetpack_shortlink":"https:\/\/wp.me\/p6RhLt-rL2","jetpack_sharing_enabled":true,"_links":{"self":[{"href":"https:\/\/eldiariodesanpedro.com.ar\/sitio\/wp-json\/wp\/v2\/posts\/106704","targetHints":{"allow":["GET"]}}],"collection":[{"href":"https:\/\/eldiariodesanpedro.com.ar\/sitio\/wp-json\/wp\/v2\/posts"}],"about":[{"href":"https:\/\/eldiariodesanpedro.com.ar\/sitio\/wp-json\/wp\/v2\/types\/post"}],"author":[{"embeddable":true,"href":"https:\/\/eldiariodesanpedro.com.ar\/sitio\/wp-json\/wp\/v2\/users\/4"}],"replies":[{"embeddable":true,"href":"https:\/\/eldiariodesanpedro.com.ar\/sitio\/wp-json\/wp\/v2\/comments?post=106704"}],"version-history":[{"count":1,"href":"https:\/\/eldiariodesanpedro.com.ar\/sitio\/wp-json\/wp\/v2\/posts\/106704\/revisions"}],"predecessor-version":[{"id":106705,"href":"https:\/\/eldiariodesanpedro.com.ar\/sitio\/wp-json\/wp\/v2\/posts\/106704\/revisions\/106705"}],"wp:featuredmedia":[{"embeddable":true,"href":"https:\/\/eldiariodesanpedro.com.ar\/sitio\/wp-json\/wp\/v2\/media\/83793"}],"wp:attachment":[{"href":"https:\/\/eldiariodesanpedro.com.ar\/sitio\/wp-json\/wp\/v2\/media?parent=106704"}],"wp:term":[{"taxonomy":"category","embeddable":true,"href":"https:\/\/eldiariodesanpedro.com.ar\/sitio\/wp-json\/wp\/v2\/categories?post=106704"},{"taxonomy":"post_tag","embeddable":true,"href":"https:\/\/eldiariodesanpedro.com.ar\/sitio\/wp-json\/wp\/v2\/tags?post=106704"}],"curies":[{"name":"wp","href":"https:\/\/api.w.org\/{rel}","templated":true}]}}