{"id":106701,"date":"2022-05-05T10:39:09","date_gmt":"2022-05-05T13:39:09","guid":{"rendered":"https:\/\/eldiariodesanpedro.com.ar\/sitio\/?p=106701"},"modified":"2022-05-05T10:39:09","modified_gmt":"2022-05-05T13:39:09","slug":"un-joven-aprehendido-por-golpear-a-su-hermana-y-amenazarla-de-muerte-%ef%bf%bc","status":"publish","type":"post","link":"https:\/\/eldiariodesanpedro.com.ar\/sitio\/un-joven-aprehendido-por-golpear-a-su-hermana-y-amenazarla-de-muerte-%ef%bf%bc\/","title":{"rendered":"\u00a0Un joven aprehendido por golpear a su hermana y amenazarla de muerte\u00a0\ufffc"},"content":{"rendered":"<!-- VideographyWP Plugin Message: Automatic video embedding prevented by plugin options. -->\n\n<p>Este mi\u00e9rcoles siendo las 22:30 horas el personal policial de la comisar\u00eda tras ser alertado por un llamado al 911 acude a calle Bozzano al 1700 donde procede a la aprehensi\u00f3n de un masculino de 21 a\u00f1os de edad, quien instante previo propin\u00f3 un golpe de pu\u00f1o en el rostro a su hermana de 25 a\u00f1os de edad, provocando lesiones de car\u00e1cter leves, como as\u00ed la amenaz\u00f3 de muerte .&nbsp;<\/p>\n\n\n\n<p>La mujer V\u00edctima fue asistida en la Comisar\u00eda de la Mujer y la Familia local.&nbsp;Interviene fiscal\u00eda en turno.-<\/p>\n","protected":false},"excerpt":{"rendered":"<p>Este mi\u00e9rcoles siendo las 22:30 horas el personal policial de la comisar\u00eda tras ser alertado por un llamado al 911 acude a calle Bozzano al 1700 donde procede a la aprehensi\u00f3n de un masculino de 21 a\u00f1os de edad, quien instante previo propin\u00f3 un golpe de pu\u00f1o en el rostro a su hermana de 25 [&hellip;]<\/p>\n","protected":false},"author":4,"featured_media":106702,"comment_status":"closed","ping_status":"closed","sticky":false,"template":"","format":"standard","meta":{"om_disable_all_campaigns":false,"_jetpack_memberships_contains_paid_content":false,"footnotes":""},"categories":[2,103],"tags":[197,33,95,19],"class_list":["post-106701","post","type-post","status-publish","format-standard","has-post-thumbnail","hentry","category-locales","category-policiales-locales","tag-buenos-aires","tag-locales","tag-policiales","tag-san-pedro"],"aioseo_notices":[],"gutentor_comment":0,"jetpack_featured_media_url":"https:\/\/eldiariodesanpedro.com.ar\/sitio\/wp-content\/uploads\/2022\/05\/medida-1.jpg","jetpack_shortlink":"https:\/\/wp.me\/p6RhLt-rKZ","jetpack_sharing_enabled":true,"_links":{"self":[{"href":"https:\/\/eldiariodesanpedro.com.ar\/sitio\/wp-json\/wp\/v2\/posts\/106701","targetHints":{"allow":["GET"]}}],"collection":[{"href":"https:\/\/eldiariodesanpedro.com.ar\/sitio\/wp-json\/wp\/v2\/posts"}],"about":[{"href":"https:\/\/eldiariodesanpedro.com.ar\/sitio\/wp-json\/wp\/v2\/types\/post"}],"author":[{"embeddable":true,"href":"https:\/\/eldiariodesanpedro.com.ar\/sitio\/wp-json\/wp\/v2\/users\/4"}],"replies":[{"embeddable":true,"href":"https:\/\/eldiariodesanpedro.com.ar\/sitio\/wp-json\/wp\/v2\/comments?post=106701"}],"version-history":[{"count":1,"href":"https:\/\/eldiariodesanpedro.com.ar\/sitio\/wp-json\/wp\/v2\/posts\/106701\/revisions"}],"predecessor-version":[{"id":106703,"href":"https:\/\/eldiariodesanpedro.com.ar\/sitio\/wp-json\/wp\/v2\/posts\/106701\/revisions\/106703"}],"wp:featuredmedia":[{"embeddable":true,"href":"https:\/\/eldiariodesanpedro.com.ar\/sitio\/wp-json\/wp\/v2\/media\/106702"}],"wp:attachment":[{"href":"https:\/\/eldiariodesanpedro.com.ar\/sitio\/wp-json\/wp\/v2\/media?parent=106701"}],"wp:term":[{"taxonomy":"category","embeddable":true,"href":"https:\/\/eldiariodesanpedro.com.ar\/sitio\/wp-json\/wp\/v2\/categories?post=106701"},{"taxonomy":"post_tag","embeddable":true,"href":"https:\/\/eldiariodesanpedro.com.ar\/sitio\/wp-json\/wp\/v2\/tags?post=106701"}],"curies":[{"name":"wp","href":"https:\/\/api.w.org\/{rel}","templated":true}]}}