{"id":106699,"date":"2022-05-05T10:21:57","date_gmt":"2022-05-05T13:21:57","guid":{"rendered":"https:\/\/eldiariodesanpedro.com.ar\/sitio\/?p=106699"},"modified":"2022-05-05T10:21:57","modified_gmt":"2022-05-05T13:21:57","slug":"compro-a-traves-de-facebook-un-motor-por-300-mil-pesos-y-nunca-lo-recibio","status":"publish","type":"post","link":"https:\/\/eldiariodesanpedro.com.ar\/sitio\/compro-a-traves-de-facebook-un-motor-por-300-mil-pesos-y-nunca-lo-recibio\/","title":{"rendered":"Compr\u00f3 a trav\u00e9s de Facebook un motor por 300 mil pesos y nunca lo recibi\u00f3\u00a0"},"content":{"rendered":"<!-- VideographyWP Plugin Message: Automatic video embedding prevented by plugin options. -->\n\n<p>En la jornada de ayer un ciudadano denunci\u00f3 que fue estafado a trav\u00e9s de la red social de facebook cuando quiso comprar un motor de un veh\u00edculo.<br>Este mi\u00e9rcoles a las 13 horas se denunci\u00f3 por parte de un ciudadano de 44 a\u00f1os de edad, que el d\u00eda 2 de mayo realiz\u00f3 cinco dep\u00f3sitos por la suma de 60 mil pesos en total a la cuenta de un masculino por la compra de un motor.&nbsp;<\/p>\n\n\n\n<p>Luego de ello \u00e9ste masculino lo bloquea, no teniendo otra novedad ni siquiera del motor, percat\u00e1ndose haber sido enga\u00f1ado en su buena fe.&nbsp;<\/p>\n\n\n\n<p>Manifiesta haberlo contactado por la red social Facebook.<\/p>\n","protected":false},"excerpt":{"rendered":"<p>En la jornada de ayer un ciudadano denunci\u00f3 que fue estafado a trav\u00e9s de la red social de facebook cuando quiso comprar un motor de un veh\u00edculo.Este mi\u00e9rcoles a las 13 horas se denunci\u00f3 por parte de un ciudadano de 44 a\u00f1os de edad, que el d\u00eda 2 de mayo realiz\u00f3 cinco dep\u00f3sitos por la [&hellip;]<\/p>\n","protected":false},"author":4,"featured_media":95798,"comment_status":"closed","ping_status":"closed","sticky":false,"template":"","format":"standard","meta":{"om_disable_all_campaigns":false,"_jetpack_memberships_contains_paid_content":false,"footnotes":""},"categories":[2,103],"tags":[197,696,33,19],"class_list":["post-106699","post","type-post","status-publish","format-standard","has-post-thumbnail","hentry","category-locales","category-policiales-locales","tag-buenos-aires","tag-interes-general","tag-locales","tag-san-pedro"],"aioseo_notices":[],"gutentor_comment":0,"jetpack_featured_media_url":"https:\/\/eldiariodesanpedro.com.ar\/sitio\/wp-content\/uploads\/2021\/07\/estafa-por-facebook.jpg","jetpack_shortlink":"https:\/\/wp.me\/p6RhLt-rKX","jetpack_sharing_enabled":true,"_links":{"self":[{"href":"https:\/\/eldiariodesanpedro.com.ar\/sitio\/wp-json\/wp\/v2\/posts\/106699","targetHints":{"allow":["GET"]}}],"collection":[{"href":"https:\/\/eldiariodesanpedro.com.ar\/sitio\/wp-json\/wp\/v2\/posts"}],"about":[{"href":"https:\/\/eldiariodesanpedro.com.ar\/sitio\/wp-json\/wp\/v2\/types\/post"}],"author":[{"embeddable":true,"href":"https:\/\/eldiariodesanpedro.com.ar\/sitio\/wp-json\/wp\/v2\/users\/4"}],"replies":[{"embeddable":true,"href":"https:\/\/eldiariodesanpedro.com.ar\/sitio\/wp-json\/wp\/v2\/comments?post=106699"}],"version-history":[{"count":1,"href":"https:\/\/eldiariodesanpedro.com.ar\/sitio\/wp-json\/wp\/v2\/posts\/106699\/revisions"}],"predecessor-version":[{"id":106700,"href":"https:\/\/eldiariodesanpedro.com.ar\/sitio\/wp-json\/wp\/v2\/posts\/106699\/revisions\/106700"}],"wp:featuredmedia":[{"embeddable":true,"href":"https:\/\/eldiariodesanpedro.com.ar\/sitio\/wp-json\/wp\/v2\/media\/95798"}],"wp:attachment":[{"href":"https:\/\/eldiariodesanpedro.com.ar\/sitio\/wp-json\/wp\/v2\/media?parent=106699"}],"wp:term":[{"taxonomy":"category","embeddable":true,"href":"https:\/\/eldiariodesanpedro.com.ar\/sitio\/wp-json\/wp\/v2\/categories?post=106699"},{"taxonomy":"post_tag","embeddable":true,"href":"https:\/\/eldiariodesanpedro.com.ar\/sitio\/wp-json\/wp\/v2\/tags?post=106699"}],"curies":[{"name":"wp","href":"https:\/\/api.w.org\/{rel}","templated":true}]}}