{"id":106697,"date":"2022-05-05T10:14:13","date_gmt":"2022-05-05T13:14:13","guid":{"rendered":"https:\/\/eldiariodesanpedro.com.ar\/sitio\/?p=106697"},"modified":"2022-05-05T10:14:14","modified_gmt":"2022-05-05T13:14:14","slug":"una-mujer-victima-de-estafa-por-mas-de-doscientos-mil-pesos-a-traves-de-una-tarjeta-de-credito%ef%bf%bc","status":"publish","type":"post","link":"https:\/\/eldiariodesanpedro.com.ar\/sitio\/una-mujer-victima-de-estafa-por-mas-de-doscientos-mil-pesos-a-traves-de-una-tarjeta-de-credito%ef%bf%bc\/","title":{"rendered":"Una mujer v\u00edctima de estafa por m\u00e1s de doscientos mil pesos a trav\u00e9s de una tarjeta de cr\u00e9dito\ufffc"},"content":{"rendered":"<!-- VideographyWP Plugin Message: Automatic video embedding prevented by plugin options. -->\n\n<p>En la jornada de ayer se realiz\u00f3 una denuncia en la comisar\u00eda local por parte de una mujer que sufri\u00f3 estafa con una tarjeta de cr\u00e9dito.<\/p>\n\n\n\n<p>Durante la ma\u00f1ana del mi\u00e9rcoles se&nbsp; denunci\u00f3 por parte de una mujer de 41 a\u00f1os de edad, que el d\u00eda martes 3 de mayo toma conocimiento telef\u00f3nicamente que posee una deuda de tarjeta de cr\u00e9dito de m\u00e1s de 200 mil pesos, al dirigirse a la sucursal de la entidad con domicilio pr\u00f3ximo en San Nicol\u00e1s, constata que el d\u00eda 06 de noviembre de 2021, se habilit\u00f3 una tarjeta a su nombre y posteriormente han hecho compras de las que denunciante desconoce.<\/p>\n","protected":false},"excerpt":{"rendered":"<p>En la jornada de ayer se realiz\u00f3 una denuncia en la comisar\u00eda local por parte de una mujer que sufri\u00f3 estafa con una tarjeta de cr\u00e9dito. Durante la ma\u00f1ana del mi\u00e9rcoles se&nbsp; denunci\u00f3 por parte de una mujer de 41 a\u00f1os de edad, que el d\u00eda martes 3 de mayo toma conocimiento telef\u00f3nicamente que posee [&hellip;]<\/p>\n","protected":false},"author":4,"featured_media":103679,"comment_status":"closed","ping_status":"closed","sticky":false,"template":"","format":"standard","meta":{"om_disable_all_campaigns":false,"_jetpack_memberships_contains_paid_content":false,"footnotes":""},"categories":[50,2,103],"tags":[197,696,33,19],"class_list":["post-106697","post","type-post","status-publish","format-standard","has-post-thumbnail","hentry","category-destacadas","category-locales","category-policiales-locales","tag-buenos-aires","tag-interes-general","tag-locales","tag-san-pedro"],"aioseo_notices":[],"gutentor_comment":0,"jetpack_featured_media_url":"https:\/\/eldiariodesanpedro.com.ar\/sitio\/wp-content\/uploads\/2022\/02\/comisaria_san_pedro.jpg","jetpack_shortlink":"https:\/\/wp.me\/p6RhLt-rKV","jetpack_sharing_enabled":true,"_links":{"self":[{"href":"https:\/\/eldiariodesanpedro.com.ar\/sitio\/wp-json\/wp\/v2\/posts\/106697","targetHints":{"allow":["GET"]}}],"collection":[{"href":"https:\/\/eldiariodesanpedro.com.ar\/sitio\/wp-json\/wp\/v2\/posts"}],"about":[{"href":"https:\/\/eldiariodesanpedro.com.ar\/sitio\/wp-json\/wp\/v2\/types\/post"}],"author":[{"embeddable":true,"href":"https:\/\/eldiariodesanpedro.com.ar\/sitio\/wp-json\/wp\/v2\/users\/4"}],"replies":[{"embeddable":true,"href":"https:\/\/eldiariodesanpedro.com.ar\/sitio\/wp-json\/wp\/v2\/comments?post=106697"}],"version-history":[{"count":1,"href":"https:\/\/eldiariodesanpedro.com.ar\/sitio\/wp-json\/wp\/v2\/posts\/106697\/revisions"}],"predecessor-version":[{"id":106698,"href":"https:\/\/eldiariodesanpedro.com.ar\/sitio\/wp-json\/wp\/v2\/posts\/106697\/revisions\/106698"}],"wp:featuredmedia":[{"embeddable":true,"href":"https:\/\/eldiariodesanpedro.com.ar\/sitio\/wp-json\/wp\/v2\/media\/103679"}],"wp:attachment":[{"href":"https:\/\/eldiariodesanpedro.com.ar\/sitio\/wp-json\/wp\/v2\/media?parent=106697"}],"wp:term":[{"taxonomy":"category","embeddable":true,"href":"https:\/\/eldiariodesanpedro.com.ar\/sitio\/wp-json\/wp\/v2\/categories?post=106697"},{"taxonomy":"post_tag","embeddable":true,"href":"https:\/\/eldiariodesanpedro.com.ar\/sitio\/wp-json\/wp\/v2\/tags?post=106697"}],"curies":[{"name":"wp","href":"https:\/\/api.w.org\/{rel}","templated":true}]}}