{"id":106694,"date":"2022-05-05T09:51:05","date_gmt":"2022-05-05T12:51:05","guid":{"rendered":"https:\/\/eldiariodesanpedro.com.ar\/sitio\/?p=106694"},"modified":"2022-05-05T09:51:05","modified_gmt":"2022-05-05T12:51:05","slug":"menor-de-edad-robo-un-celular-en-modo-arrebato-en-la-zona-centrica%ef%bf%bc","status":"publish","type":"post","link":"https:\/\/eldiariodesanpedro.com.ar\/sitio\/menor-de-edad-robo-un-celular-en-modo-arrebato-en-la-zona-centrica%ef%bf%bc\/","title":{"rendered":"Menor de edad robo un celular en modo arrebato en la zona c\u00e9ntrica\ufffc"},"content":{"rendered":"<!-- VideographyWP Plugin Message: Automatic video embedding prevented by plugin options. -->\n\n<p>En la tarde de ayer mi\u00e9rcoles promediando las 16:30 horas el personal policial de la Comisar\u00eda, alertada y tras r\u00e1pido accionar en Avenida Boulevard Moreno y Combate de Obligado, aprehende en fuga a joven delincuente de 17 a\u00f1os de edad a quien se le secuestr\u00f3 un tel\u00e9fono celular,&nbsp; el cual sustrajo modalidad arrebato en calle Chacabuco y Belgrano, a un ciudadano de 34 a\u00f1os de edad que caminaba por la v\u00eda p\u00fablica hablando con el aparato.<br>La v\u00edctima result\u00f3 ilesa, y recuper\u00f3 el bien secuestrado.&nbsp;<\/p>\n\n\n\n<p>El menor fue puesto a disposici\u00f3n de la Justicia Juvenil de San Nicol\u00e1s y entregado a sus progenitores.<\/p>\n","protected":false},"excerpt":{"rendered":"<p>En la tarde de ayer mi\u00e9rcoles promediando las 16:30 horas el personal policial de la Comisar\u00eda, alertada y tras r\u00e1pido accionar en Avenida Boulevard Moreno y Combate de Obligado, aprehende en fuga a joven delincuente de 17 a\u00f1os de edad a quien se le secuestr\u00f3 un tel\u00e9fono celular,&nbsp; el cual sustrajo modalidad arrebato en calle [&hellip;]<\/p>\n","protected":false},"author":4,"featured_media":106695,"comment_status":"closed","ping_status":"closed","sticky":false,"template":"","format":"standard","meta":{"om_disable_all_campaigns":false,"_jetpack_memberships_contains_paid_content":false,"footnotes":""},"categories":[2,103],"tags":[197,696,33,19],"class_list":["post-106694","post","type-post","status-publish","format-standard","has-post-thumbnail","hentry","category-locales","category-policiales-locales","tag-buenos-aires","tag-interes-general","tag-locales","tag-san-pedro"],"aioseo_notices":[],"gutentor_comment":0,"jetpack_featured_media_url":"https:\/\/eldiariodesanpedro.com.ar\/sitio\/wp-content\/uploads\/2022\/05\/WhatsApp-Image-2022-05-05-at-9.32.43-AM.jpeg","jetpack_shortlink":"https:\/\/wp.me\/p6RhLt-rKS","jetpack_sharing_enabled":true,"_links":{"self":[{"href":"https:\/\/eldiariodesanpedro.com.ar\/sitio\/wp-json\/wp\/v2\/posts\/106694","targetHints":{"allow":["GET"]}}],"collection":[{"href":"https:\/\/eldiariodesanpedro.com.ar\/sitio\/wp-json\/wp\/v2\/posts"}],"about":[{"href":"https:\/\/eldiariodesanpedro.com.ar\/sitio\/wp-json\/wp\/v2\/types\/post"}],"author":[{"embeddable":true,"href":"https:\/\/eldiariodesanpedro.com.ar\/sitio\/wp-json\/wp\/v2\/users\/4"}],"replies":[{"embeddable":true,"href":"https:\/\/eldiariodesanpedro.com.ar\/sitio\/wp-json\/wp\/v2\/comments?post=106694"}],"version-history":[{"count":1,"href":"https:\/\/eldiariodesanpedro.com.ar\/sitio\/wp-json\/wp\/v2\/posts\/106694\/revisions"}],"predecessor-version":[{"id":106696,"href":"https:\/\/eldiariodesanpedro.com.ar\/sitio\/wp-json\/wp\/v2\/posts\/106694\/revisions\/106696"}],"wp:featuredmedia":[{"embeddable":true,"href":"https:\/\/eldiariodesanpedro.com.ar\/sitio\/wp-json\/wp\/v2\/media\/106695"}],"wp:attachment":[{"href":"https:\/\/eldiariodesanpedro.com.ar\/sitio\/wp-json\/wp\/v2\/media?parent=106694"}],"wp:term":[{"taxonomy":"category","embeddable":true,"href":"https:\/\/eldiariodesanpedro.com.ar\/sitio\/wp-json\/wp\/v2\/categories?post=106694"},{"taxonomy":"post_tag","embeddable":true,"href":"https:\/\/eldiariodesanpedro.com.ar\/sitio\/wp-json\/wp\/v2\/tags?post=106694"}],"curies":[{"name":"wp","href":"https:\/\/api.w.org\/{rel}","templated":true}]}}