{"id":106687,"date":"2022-05-04T20:55:11","date_gmt":"2022-05-04T23:55:11","guid":{"rendered":"https:\/\/eldiariodesanpedro.com.ar\/sitio\/?p=106687"},"modified":"2022-05-04T20:55:12","modified_gmt":"2022-05-04T23:55:12","slug":"edicto-de-sucesion-de-juan-carlos-garcia","status":"publish","type":"post","link":"https:\/\/eldiariodesanpedro.com.ar\/sitio\/edicto-de-sucesion-de-juan-carlos-garcia\/","title":{"rendered":"Edicto de Sucesi\u00f3n de Juan Carlos Garc\u00eda"},"content":{"rendered":"<!-- VideographyWP Plugin Message: Automatic video embedding prevented by plugin options. -->\n\n<p>El Juzgado de Paz letrado de Baradero cita y emplaza por 30 d\u00edas a herederos y acreedores de don <strong>Juan Carlos Garc\u00eda<\/strong>.- Baradero, 04 de Mayo de 2022.-<\/p>\n\n\n\n<p>ESTEBAN OMAR PERUSINA <br>ABOGADO SECRETARIO<\/p>\n\n\n\n<p>(Publicaci\u00f3n V\u00e1lida por los d\u00edas 04, 05 y 06 de Abril de 2022)<\/p>\n","protected":false},"excerpt":{"rendered":"<p>El Juzgado de Paz letrado de Baradero cita y emplaza por 30 d\u00edas a herederos y acreedores de don Juan Carlos Garc\u00eda.- Baradero, 04 de Mayo de 2022.- ESTEBAN OMAR PERUSINA ABOGADO SECRETARIO (Publicaci\u00f3n V\u00e1lida por los d\u00edas 04, 05 y 06 de Abril de 2022)<\/p>\n","protected":false},"author":4,"featured_media":102746,"comment_status":"closed","ping_status":"closed","sticky":false,"template":"","format":"standard","meta":{"om_disable_all_campaigns":false,"_jetpack_memberships_contains_paid_content":false,"footnotes":""},"categories":[676,677],"tags":[197,696,33,19],"class_list":["post-106687","post","type-post","status-publish","format-standard","has-post-thumbnail","hentry","category-edictos","category-edictos-sucesorios","tag-buenos-aires","tag-interes-general","tag-locales","tag-san-pedro"],"aioseo_notices":[],"gutentor_comment":0,"jetpack_featured_media_url":"https:\/\/eldiariodesanpedro.com.ar\/sitio\/wp-content\/uploads\/2022\/01\/EDICTO.jpg","jetpack_shortlink":"https:\/\/wp.me\/p6RhLt-rKL","jetpack_sharing_enabled":true,"_links":{"self":[{"href":"https:\/\/eldiariodesanpedro.com.ar\/sitio\/wp-json\/wp\/v2\/posts\/106687","targetHints":{"allow":["GET"]}}],"collection":[{"href":"https:\/\/eldiariodesanpedro.com.ar\/sitio\/wp-json\/wp\/v2\/posts"}],"about":[{"href":"https:\/\/eldiariodesanpedro.com.ar\/sitio\/wp-json\/wp\/v2\/types\/post"}],"author":[{"embeddable":true,"href":"https:\/\/eldiariodesanpedro.com.ar\/sitio\/wp-json\/wp\/v2\/users\/4"}],"replies":[{"embeddable":true,"href":"https:\/\/eldiariodesanpedro.com.ar\/sitio\/wp-json\/wp\/v2\/comments?post=106687"}],"version-history":[{"count":1,"href":"https:\/\/eldiariodesanpedro.com.ar\/sitio\/wp-json\/wp\/v2\/posts\/106687\/revisions"}],"predecessor-version":[{"id":106688,"href":"https:\/\/eldiariodesanpedro.com.ar\/sitio\/wp-json\/wp\/v2\/posts\/106687\/revisions\/106688"}],"wp:featuredmedia":[{"embeddable":true,"href":"https:\/\/eldiariodesanpedro.com.ar\/sitio\/wp-json\/wp\/v2\/media\/102746"}],"wp:attachment":[{"href":"https:\/\/eldiariodesanpedro.com.ar\/sitio\/wp-json\/wp\/v2\/media?parent=106687"}],"wp:term":[{"taxonomy":"category","embeddable":true,"href":"https:\/\/eldiariodesanpedro.com.ar\/sitio\/wp-json\/wp\/v2\/categories?post=106687"},{"taxonomy":"post_tag","embeddable":true,"href":"https:\/\/eldiariodesanpedro.com.ar\/sitio\/wp-json\/wp\/v2\/tags?post=106687"}],"curies":[{"name":"wp","href":"https:\/\/api.w.org\/{rel}","templated":true}]}}