{"id":106681,"date":"2022-05-04T19:53:04","date_gmt":"2022-05-04T22:53:04","guid":{"rendered":"https:\/\/eldiariodesanpedro.com.ar\/sitio\/?p=106681"},"modified":"2022-05-04T19:53:04","modified_gmt":"2022-05-04T22:53:04","slug":"nuevo-vivero-en-la-reserva-de-vuelta-de-obligado","status":"publish","type":"post","link":"https:\/\/eldiariodesanpedro.com.ar\/sitio\/nuevo-vivero-en-la-reserva-de-vuelta-de-obligado\/","title":{"rendered":"Nuevo vivero en la reserva de Vuelta de Obligado"},"content":{"rendered":"<!-- VideographyWP Plugin Message: Automatic video embedding prevented by plugin options. -->\n\n<p>Esta ma\u00f1ana, en el marco la actividad de hoy en la localidad, el Intendente Ram\u00f3n Salazar visit\u00f3 la Reserva de Vuelta de Obligado para conocer el vivero que se est\u00e1 desarrollando y los proyectos en marcha para darle mayor atractivo a este espacio.<\/p>\n\n\n\n<p>El equipo del guardaparques Aldo La Micela trabaja en la reproducci\u00f3n de especies como \u00abSombra de toro\u00bb y \u00abTembetar\u00ed\u00bb, entre otras especies aut\u00f3ctonas, que crecen en muy pocos lugares de la Provincia de Buenos Aires. Adem\u00e1s, se est\u00e1n tomando medidas para preservar la \u00abOrqu\u00eddea del talar\u00bb, de mucho inter\u00e9s para el \u00abTurismo Bot\u00e1nico\u00bb.<\/p>\n\n\n\n<p>El Intendente Salazar, junto a la secretaria de Turismo y Cultura Marcela Cu\u00f1er y el subdelegado Municipal Hugo Borda participaron tambi\u00e9n de la colocaci\u00f3n de elementos de protecci\u00f3n para evitar que las plantas sean cortadas durante los trabajos de mantenimiento que se desarrollan cotidianamente.<\/p>\n\n\n\n<figure class=\"wp-block-image size-full\"><img decoding=\"async\" width=\"945\" height=\"630\" data-attachment-id=\"106683\" data-permalink=\"https:\/\/eldiariodesanpedro.com.ar\/sitio\/nuevo-vivero-en-la-reserva-de-vuelta-de-obligado\/whatsapp-image-2022-05-04-at-7-44-00-pm-1\/\" data-orig-file=\"https:\/\/eldiariodesanpedro.com.ar\/sitio\/wp-content\/uploads\/2022\/05\/WhatsApp-Image-2022-05-04-at-7.44.00-PM-1.jpeg\" data-orig-size=\"945,630\" data-comments-opened=\"0\" data-image-meta=\"{&quot;aperture&quot;:&quot;0&quot;,&quot;credit&quot;:&quot;&quot;,&quot;camera&quot;:&quot;&quot;,&quot;caption&quot;:&quot;&quot;,&quot;created_timestamp&quot;:&quot;0&quot;,&quot;copyright&quot;:&quot;&quot;,&quot;focal_length&quot;:&quot;0&quot;,&quot;iso&quot;:&quot;0&quot;,&quot;shutter_speed&quot;:&quot;0&quot;,&quot;title&quot;:&quot;&quot;,&quot;orientation&quot;:&quot;0&quot;}\" data-image-title=\"WhatsApp Image 2022-05-04 at 7.44.00 PM (1)\" data-image-description=\"\" data-image-caption=\"\" data-large-file=\"https:\/\/eldiariodesanpedro.com.ar\/sitio\/wp-content\/uploads\/2022\/05\/WhatsApp-Image-2022-05-04-at-7.44.00-PM-1.jpeg\" data-src=\"https:\/\/eldiariodesanpedro.com.ar\/sitio\/wp-content\/uploads\/2022\/05\/WhatsApp-Image-2022-05-04-at-7.44.00-PM-1.jpeg\" alt=\"\" class=\"wp-image-106683 lazyload\" data-srcset=\"https:\/\/eldiariodesanpedro.com.ar\/sitio\/wp-content\/uploads\/2022\/05\/WhatsApp-Image-2022-05-04-at-7.44.00-PM-1.jpeg 945w, https:\/\/eldiariodesanpedro.com.ar\/sitio\/wp-content\/uploads\/2022\/05\/WhatsApp-Image-2022-05-04-at-7.44.00-PM-1-300x200.jpeg 300w, https:\/\/eldiariodesanpedro.com.ar\/sitio\/wp-content\/uploads\/2022\/05\/WhatsApp-Image-2022-05-04-at-7.44.00-PM-1-768x512.jpeg 768w\" data-sizes=\"(max-width: 945px) 100vw, 945px\" src=\"data:image\/svg+xml;base64,PHN2ZyB3aWR0aD0iMSIgaGVpZ2h0PSIxIiB4bWxucz0iaHR0cDovL3d3dy53My5vcmcvMjAwMC9zdmciPjwvc3ZnPg==\" style=\"--smush-placeholder-width: 945px; --smush-placeholder-aspect-ratio: 945\/630;\" \/><\/figure>\n","protected":false},"excerpt":{"rendered":"<p>Esta ma\u00f1ana, en el marco la actividad de hoy en la localidad, el Intendente Ram\u00f3n Salazar visit\u00f3 la Reserva de Vuelta de Obligado para conocer el vivero que se est\u00e1 desarrollando y los proyectos en marcha para darle mayor atractivo a este espacio. El equipo del guardaparques Aldo La Micela trabaja en la reproducci\u00f3n de [&hellip;]<\/p>\n","protected":false},"author":4,"featured_media":106683,"comment_status":"closed","ping_status":"closed","sticky":false,"template":"","format":"standard","meta":{"om_disable_all_campaigns":false,"_jetpack_memberships_contains_paid_content":false,"footnotes":""},"categories":[101,2],"tags":[197,696,33,19],"class_list":["post-106681","post","type-post","status-publish","format-standard","has-post-thumbnail","hentry","category-interes-general-locales","category-locales","tag-buenos-aires","tag-interes-general","tag-locales","tag-san-pedro"],"aioseo_notices":[],"gutentor_comment":0,"jetpack_featured_media_url":"https:\/\/eldiariodesanpedro.com.ar\/sitio\/wp-content\/uploads\/2022\/05\/WhatsApp-Image-2022-05-04-at-7.44.00-PM-1.jpeg","jetpack_shortlink":"https:\/\/wp.me\/p6RhLt-rKF","jetpack_sharing_enabled":true,"_links":{"self":[{"href":"https:\/\/eldiariodesanpedro.com.ar\/sitio\/wp-json\/wp\/v2\/posts\/106681","targetHints":{"allow":["GET"]}}],"collection":[{"href":"https:\/\/eldiariodesanpedro.com.ar\/sitio\/wp-json\/wp\/v2\/posts"}],"about":[{"href":"https:\/\/eldiariodesanpedro.com.ar\/sitio\/wp-json\/wp\/v2\/types\/post"}],"author":[{"embeddable":true,"href":"https:\/\/eldiariodesanpedro.com.ar\/sitio\/wp-json\/wp\/v2\/users\/4"}],"replies":[{"embeddable":true,"href":"https:\/\/eldiariodesanpedro.com.ar\/sitio\/wp-json\/wp\/v2\/comments?post=106681"}],"version-history":[{"count":1,"href":"https:\/\/eldiariodesanpedro.com.ar\/sitio\/wp-json\/wp\/v2\/posts\/106681\/revisions"}],"predecessor-version":[{"id":106684,"href":"https:\/\/eldiariodesanpedro.com.ar\/sitio\/wp-json\/wp\/v2\/posts\/106681\/revisions\/106684"}],"wp:featuredmedia":[{"embeddable":true,"href":"https:\/\/eldiariodesanpedro.com.ar\/sitio\/wp-json\/wp\/v2\/media\/106683"}],"wp:attachment":[{"href":"https:\/\/eldiariodesanpedro.com.ar\/sitio\/wp-json\/wp\/v2\/media?parent=106681"}],"wp:term":[{"taxonomy":"category","embeddable":true,"href":"https:\/\/eldiariodesanpedro.com.ar\/sitio\/wp-json\/wp\/v2\/categories?post=106681"},{"taxonomy":"post_tag","embeddable":true,"href":"https:\/\/eldiariodesanpedro.com.ar\/sitio\/wp-json\/wp\/v2\/tags?post=106681"}],"curies":[{"name":"wp","href":"https:\/\/api.w.org\/{rel}","templated":true}]}}