{"id":106678,"date":"2022-05-04T19:30:37","date_gmt":"2022-05-04T22:30:37","guid":{"rendered":"https:\/\/eldiariodesanpedro.com.ar\/sitio\/?p=106678"},"modified":"2022-05-04T19:30:38","modified_gmt":"2022-05-04T22:30:38","slug":"el-hospital-sigue-mejorando-su-infraestructura","status":"publish","type":"post","link":"https:\/\/eldiariodesanpedro.com.ar\/sitio\/el-hospital-sigue-mejorando-su-infraestructura\/","title":{"rendered":"El Hospital sigue mejorando su infraestructura"},"content":{"rendered":"<!-- VideographyWP Plugin Message: Automatic video embedding prevented by plugin options. -->\n\n<p>Comenzar\u00e1 a instalarse a la brevedad en el Hospital Emilio Ruffa una nueva bomba de vac\u00edo recientemente adquirida para la aspiraci\u00f3n de fluidos y secreciones, muy importante en procedimientos quir\u00fargicos y en la atenci\u00f3n de pacientes luego de cirug\u00edas.<\/p>\n\n\n\n<p>El equipo que lleg\u00f3 en las \u00faltimas horas reemplazar\u00e1 otras unidades similares existentes que ven\u00edan prestando servicios en \u00e1reas cr\u00edticas de Guardia General, Terapia Intensiva y Quir\u00f3fano, con un rendimiento disfuncional para la creciente demanda.<\/p>\n\n\n\n<p>La bomba marca Pascal ofrece adem\u00e1s nuevos est\u00e1ndares de calidad, libre de aceite y con una capacidad de 1600 litros por minuto para conectarse con los paneles que fueron colocados en las salas de internaci\u00f3n cl\u00ednica.<\/p>\n\n\n\n<p>Pr\u00f3ximamente la red se extender\u00e1 adem\u00e1s a las \u00e1reas de Maternidad y Pediatr\u00eda, continuando con la renovaci\u00f3n total de este tipo de asistencia que permite optimizar el recurso en todas las instalaciones del Hospital.<\/p>\n\n\n\n<p>La inversi\u00f3n fue realizada con fondos generados a trav\u00e9s de la gesti\u00f3n de los ingresos obtenidos por el Hospital.<\/p>\n","protected":false},"excerpt":{"rendered":"<p>Comenzar\u00e1 a instalarse a la brevedad en el Hospital Emilio Ruffa una nueva bomba de vac\u00edo recientemente adquirida para la aspiraci\u00f3n de fluidos y secreciones, muy importante en procedimientos quir\u00fargicos y en la atenci\u00f3n de pacientes luego de cirug\u00edas. El equipo que lleg\u00f3 en las \u00faltimas horas reemplazar\u00e1 otras unidades similares existentes que ven\u00edan prestando [&hellip;]<\/p>\n","protected":false},"author":4,"featured_media":106679,"comment_status":"closed","ping_status":"closed","sticky":false,"template":"","format":"standard","meta":{"om_disable_all_campaigns":false,"_jetpack_memberships_contains_paid_content":false,"footnotes":""},"categories":[50,101,2],"tags":[197,696,33,19],"class_list":["post-106678","post","type-post","status-publish","format-standard","has-post-thumbnail","hentry","category-destacadas","category-interes-general-locales","category-locales","tag-buenos-aires","tag-interes-general","tag-locales","tag-san-pedro"],"aioseo_notices":[],"gutentor_comment":0,"jetpack_featured_media_url":"https:\/\/eldiariodesanpedro.com.ar\/sitio\/wp-content\/uploads\/2022\/05\/WhatsApp-Image-2022-05-04-at-6.06.29-PM.jpeg","jetpack_shortlink":"https:\/\/wp.me\/p6RhLt-rKC","jetpack_sharing_enabled":true,"_links":{"self":[{"href":"https:\/\/eldiariodesanpedro.com.ar\/sitio\/wp-json\/wp\/v2\/posts\/106678","targetHints":{"allow":["GET"]}}],"collection":[{"href":"https:\/\/eldiariodesanpedro.com.ar\/sitio\/wp-json\/wp\/v2\/posts"}],"about":[{"href":"https:\/\/eldiariodesanpedro.com.ar\/sitio\/wp-json\/wp\/v2\/types\/post"}],"author":[{"embeddable":true,"href":"https:\/\/eldiariodesanpedro.com.ar\/sitio\/wp-json\/wp\/v2\/users\/4"}],"replies":[{"embeddable":true,"href":"https:\/\/eldiariodesanpedro.com.ar\/sitio\/wp-json\/wp\/v2\/comments?post=106678"}],"version-history":[{"count":1,"href":"https:\/\/eldiariodesanpedro.com.ar\/sitio\/wp-json\/wp\/v2\/posts\/106678\/revisions"}],"predecessor-version":[{"id":106680,"href":"https:\/\/eldiariodesanpedro.com.ar\/sitio\/wp-json\/wp\/v2\/posts\/106678\/revisions\/106680"}],"wp:featuredmedia":[{"embeddable":true,"href":"https:\/\/eldiariodesanpedro.com.ar\/sitio\/wp-json\/wp\/v2\/media\/106679"}],"wp:attachment":[{"href":"https:\/\/eldiariodesanpedro.com.ar\/sitio\/wp-json\/wp\/v2\/media?parent=106678"}],"wp:term":[{"taxonomy":"category","embeddable":true,"href":"https:\/\/eldiariodesanpedro.com.ar\/sitio\/wp-json\/wp\/v2\/categories?post=106678"},{"taxonomy":"post_tag","embeddable":true,"href":"https:\/\/eldiariodesanpedro.com.ar\/sitio\/wp-json\/wp\/v2\/tags?post=106678"}],"curies":[{"name":"wp","href":"https:\/\/api.w.org\/{rel}","templated":true}]}}