{"id":106672,"date":"2022-05-04T19:20:43","date_gmt":"2022-05-04T22:20:43","guid":{"rendered":"https:\/\/eldiariodesanpedro.com.ar\/sitio\/?p=106672"},"modified":"2022-05-04T19:20:43","modified_gmt":"2022-05-04T22:20:43","slug":"el-operativo-estamos-en-tu-barrio-en-vuelta-de-obligado","status":"publish","type":"post","link":"https:\/\/eldiariodesanpedro.com.ar\/sitio\/el-operativo-estamos-en-tu-barrio-en-vuelta-de-obligado\/","title":{"rendered":"El operativo \u201cEstamos en tu Barrio\u201d en Vuelta de Obligado"},"content":{"rendered":"<!-- VideographyWP Plugin Message: Automatic video embedding prevented by plugin options. -->\n\n<p>Este martes se desarroll\u00f3 una nueva jornada del operativo \u201cEstamos en tu Barrio\u201d que llevan adelante las diferentes \u00e1reas municipales con el objetivo de incrementar la presencia territorial, para acercar soluciones a los vecinos de los barrios y las localidades, en esta ocasi\u00f3n en la Plaza Santiago Moreira, de Vuelta de Obligado.<\/p>\n\n\n\n<p>Concurrieron las secretar\u00edas de Desarrollo Econ\u00f3mico; Pol\u00edticas de G\u00e9nero, Mujeres y Diversidad; Turismo y Cultura; Desarrollo Humano, Salud y Seguridad y las direcciones de Deportes; Comisiones de Fomento; Bromatolog\u00eda, Rentas y Ambiente.<\/p>\n\n\n\n<p>Como en ocasiones anteriores, el Intendente Municipal Dr. Ram\u00f3n Salazar se acerc\u00f3 a recorrer el lugar, dialog\u00f3 con los vecinos y se interioriz\u00f3 respecto de las consultas que recibieron las diferentes \u00e1reas. Formaron parte del operativo el Centro de Acceso a la Justicia, la delegaci\u00f3n local del Ministerio de Trabajo de la Provincia de Buenos Aires, la Comisar\u00eda de la Mujer y la Familia, miembros del Honorable Concejo Deliberante y la Delegaci\u00f3n Municipal.<\/p>\n\n\n\n<p>La cuarta jornada del operativo municipal, que permite el abordaje integral del Estado al territorio, se concretar\u00e1 en La Tosquera con fecha a confirmar.<\/p>\n","protected":false},"excerpt":{"rendered":"<p>Este martes se desarroll\u00f3 una nueva jornada del operativo \u201cEstamos en tu Barrio\u201d que llevan adelante las diferentes \u00e1reas municipales con el objetivo de incrementar la presencia territorial, para acercar soluciones a los vecinos de los barrios y las localidades, en esta ocasi\u00f3n en la Plaza Santiago Moreira, de Vuelta de Obligado. Concurrieron las secretar\u00edas [&hellip;]<\/p>\n","protected":false},"author":4,"featured_media":106674,"comment_status":"closed","ping_status":"closed","sticky":false,"template":"","format":"standard","meta":{"om_disable_all_campaigns":false,"_jetpack_memberships_contains_paid_content":false,"footnotes":""},"categories":[50,101,2],"tags":[197,696,33,19],"class_list":["post-106672","post","type-post","status-publish","format-standard","has-post-thumbnail","hentry","category-destacadas","category-interes-general-locales","category-locales","tag-buenos-aires","tag-interes-general","tag-locales","tag-san-pedro"],"aioseo_notices":[],"gutentor_comment":0,"jetpack_featured_media_url":"https:\/\/eldiariodesanpedro.com.ar\/sitio\/wp-content\/uploads\/2022\/05\/WhatsApp-Image-2022-05-04-at-5.47.17-PM.jpeg","jetpack_shortlink":"https:\/\/wp.me\/p6RhLt-rKw","jetpack_sharing_enabled":true,"_links":{"self":[{"href":"https:\/\/eldiariodesanpedro.com.ar\/sitio\/wp-json\/wp\/v2\/posts\/106672","targetHints":{"allow":["GET"]}}],"collection":[{"href":"https:\/\/eldiariodesanpedro.com.ar\/sitio\/wp-json\/wp\/v2\/posts"}],"about":[{"href":"https:\/\/eldiariodesanpedro.com.ar\/sitio\/wp-json\/wp\/v2\/types\/post"}],"author":[{"embeddable":true,"href":"https:\/\/eldiariodesanpedro.com.ar\/sitio\/wp-json\/wp\/v2\/users\/4"}],"replies":[{"embeddable":true,"href":"https:\/\/eldiariodesanpedro.com.ar\/sitio\/wp-json\/wp\/v2\/comments?post=106672"}],"version-history":[{"count":1,"href":"https:\/\/eldiariodesanpedro.com.ar\/sitio\/wp-json\/wp\/v2\/posts\/106672\/revisions"}],"predecessor-version":[{"id":106677,"href":"https:\/\/eldiariodesanpedro.com.ar\/sitio\/wp-json\/wp\/v2\/posts\/106672\/revisions\/106677"}],"wp:featuredmedia":[{"embeddable":true,"href":"https:\/\/eldiariodesanpedro.com.ar\/sitio\/wp-json\/wp\/v2\/media\/106674"}],"wp:attachment":[{"href":"https:\/\/eldiariodesanpedro.com.ar\/sitio\/wp-json\/wp\/v2\/media?parent=106672"}],"wp:term":[{"taxonomy":"category","embeddable":true,"href":"https:\/\/eldiariodesanpedro.com.ar\/sitio\/wp-json\/wp\/v2\/categories?post=106672"},{"taxonomy":"post_tag","embeddable":true,"href":"https:\/\/eldiariodesanpedro.com.ar\/sitio\/wp-json\/wp\/v2\/tags?post=106672"}],"curies":[{"name":"wp","href":"https:\/\/api.w.org\/{rel}","templated":true}]}}