{"id":10667,"date":"2016-11-24T19:20:41","date_gmt":"2016-11-24T22:20:41","guid":{"rendered":"https:\/\/eldiariodesanpedro.com.ar\/sitio\/?p=10667"},"modified":"2016-11-24T19:20:41","modified_gmt":"2016-11-24T22:20:41","slug":"un-auto-colisiono-a-una-bicicleta","status":"publish","type":"post","link":"https:\/\/eldiariodesanpedro.com.ar\/sitio\/un-auto-colisiono-a-una-bicicleta\/","title":{"rendered":"Un auto colision\u00f3 a una bicicleta"},"content":{"rendered":"<p><!-- VideographyWP Plugin Message: Automatic video embedding prevented by plugin options. --><br \/>\nEl siniestro tuvo lugar pasadas las 13.30 de ayer, en la esquina de Padre Santana y Obligado. Por causas que se tratan de establecer, un autom\u00f3vil Vw Gol Country, color gris oscuro, impact\u00f3 a una bicicleta en la que se dirig\u00eda una religiosa.<\/p>\n<p>Una ambulancia del Servicio de Emergencias 107 lleg\u00f3 al lugar, inmoviliz\u00f3 el cuello de la mujer y tras entablillarla fue derivada a la guardia del Hospital, por el fuerte golpe sufrido al caer al pavimento. <\/p>\n","protected":false},"excerpt":{"rendered":"<p>El siniestro tuvo lugar pasadas las 13.30 de ayer, en la esquina de Padre Santana y Obligado. Por causas que se tratan de establecer, un autom\u00f3vil Vw Gol Country, color gris oscuro, impact\u00f3 a una bicicleta en la que se dirig\u00eda una religiosa. Una ambulancia del Servicio de Emergencias 107 lleg\u00f3 al lugar, inmoviliz\u00f3 el [&hellip;]<\/p>\n","protected":false},"author":4,"featured_media":2624,"comment_status":"open","ping_status":"closed","sticky":false,"template":"","format":"standard","meta":{"om_disable_all_campaigns":false,"_jetpack_memberships_contains_paid_content":false,"footnotes":""},"categories":[101,2],"tags":[],"class_list":["post-10667","post","type-post","status-publish","format-standard","has-post-thumbnail","hentry","category-interes-general-locales","category-locales"],"aioseo_notices":[],"gutentor_comment":0,"jetpack_featured_media_url":"https:\/\/eldiariodesanpedro.com.ar\/sitio\/wp-content\/uploads\/2016\/04\/guardia.jpg","jetpack_shortlink":"https:\/\/wp.me\/p6RhLt-2M3","jetpack_sharing_enabled":true,"_links":{"self":[{"href":"https:\/\/eldiariodesanpedro.com.ar\/sitio\/wp-json\/wp\/v2\/posts\/10667","targetHints":{"allow":["GET"]}}],"collection":[{"href":"https:\/\/eldiariodesanpedro.com.ar\/sitio\/wp-json\/wp\/v2\/posts"}],"about":[{"href":"https:\/\/eldiariodesanpedro.com.ar\/sitio\/wp-json\/wp\/v2\/types\/post"}],"author":[{"embeddable":true,"href":"https:\/\/eldiariodesanpedro.com.ar\/sitio\/wp-json\/wp\/v2\/users\/4"}],"replies":[{"embeddable":true,"href":"https:\/\/eldiariodesanpedro.com.ar\/sitio\/wp-json\/wp\/v2\/comments?post=10667"}],"version-history":[{"count":1,"href":"https:\/\/eldiariodesanpedro.com.ar\/sitio\/wp-json\/wp\/v2\/posts\/10667\/revisions"}],"predecessor-version":[{"id":10668,"href":"https:\/\/eldiariodesanpedro.com.ar\/sitio\/wp-json\/wp\/v2\/posts\/10667\/revisions\/10668"}],"wp:featuredmedia":[{"embeddable":true,"href":"https:\/\/eldiariodesanpedro.com.ar\/sitio\/wp-json\/wp\/v2\/media\/2624"}],"wp:attachment":[{"href":"https:\/\/eldiariodesanpedro.com.ar\/sitio\/wp-json\/wp\/v2\/media?parent=10667"}],"wp:term":[{"taxonomy":"category","embeddable":true,"href":"https:\/\/eldiariodesanpedro.com.ar\/sitio\/wp-json\/wp\/v2\/categories?post=10667"},{"taxonomy":"post_tag","embeddable":true,"href":"https:\/\/eldiariodesanpedro.com.ar\/sitio\/wp-json\/wp\/v2\/tags?post=10667"}],"curies":[{"name":"wp","href":"https:\/\/api.w.org\/{rel}","templated":true}]}}