{"id":106668,"date":"2022-05-04T13:16:14","date_gmt":"2022-05-04T16:16:14","guid":{"rendered":"https:\/\/eldiariodesanpedro.com.ar\/sitio\/?p=106668"},"modified":"2022-05-04T13:16:15","modified_gmt":"2022-05-04T16:16:15","slug":"edicto-de-sucesion-de-pedro-reinaldo-zarate","status":"publish","type":"post","link":"https:\/\/eldiariodesanpedro.com.ar\/sitio\/edicto-de-sucesion-de-pedro-reinaldo-zarate\/","title":{"rendered":"Edicto de Sucesi\u00f3n de Pedro Reinaldo Zarate"},"content":{"rendered":"<!-- VideographyWP Plugin Message: Automatic video embedding prevented by plugin options. -->\n\n<p>El Juzgado de Primera Instancia en lo Civil y Comercial N\u00b0 13 del Departamento Judicial de La Plata, cita y emplaza por el t\u00e9rmino de treinta (30) d\u00edas a herederos y acreedores de <strong>Pedro Reinaldo Zarate<\/strong>.- La Plata, 12 de noviembre de 2021.-&nbsp;<\/p>\n\n\n\n<p>MARIA MARGARITA FIORINO<br>AUXILIAR LETRADO<\/p>\n\n\n\n<p>(Publicaci\u00f3n V\u00e1lida por los d\u00edas 04, 05 y 06 de Abril de 2022)<\/p>\n","protected":false},"excerpt":{"rendered":"<p>El Juzgado de Primera Instancia en lo Civil y Comercial N\u00b0 13 del Departamento Judicial de La Plata, cita y emplaza por el t\u00e9rmino de treinta (30) d\u00edas a herederos y acreedores de Pedro Reinaldo Zarate.- La Plata, 12 de noviembre de 2021.-&nbsp; MARIA MARGARITA FIORINOAUXILIAR LETRADO (Publicaci\u00f3n V\u00e1lida por los d\u00edas 04, 05 y [&hellip;]<\/p>\n","protected":false},"author":4,"featured_media":81115,"comment_status":"closed","ping_status":"closed","sticky":false,"template":"","format":"standard","meta":{"om_disable_all_campaigns":false,"_jetpack_memberships_contains_paid_content":false,"footnotes":""},"categories":[676,677],"tags":[197,1121,1355,33,19,1122],"class_list":["post-106668","post","type-post","status-publish","format-standard","has-post-thumbnail","hentry","category-edictos","category-edictos-sucesorios","tag-buenos-aires","tag-edicto","tag-judiciales","tag-locales","tag-san-pedro","tag-sucesion"],"aioseo_notices":[],"gutentor_comment":0,"jetpack_featured_media_url":"https:\/\/eldiariodesanpedro.com.ar\/sitio\/wp-content\/uploads\/2020\/09\/Poder-Judicial.jpg","jetpack_shortlink":"https:\/\/wp.me\/p6RhLt-rKs","jetpack_sharing_enabled":true,"_links":{"self":[{"href":"https:\/\/eldiariodesanpedro.com.ar\/sitio\/wp-json\/wp\/v2\/posts\/106668","targetHints":{"allow":["GET"]}}],"collection":[{"href":"https:\/\/eldiariodesanpedro.com.ar\/sitio\/wp-json\/wp\/v2\/posts"}],"about":[{"href":"https:\/\/eldiariodesanpedro.com.ar\/sitio\/wp-json\/wp\/v2\/types\/post"}],"author":[{"embeddable":true,"href":"https:\/\/eldiariodesanpedro.com.ar\/sitio\/wp-json\/wp\/v2\/users\/4"}],"replies":[{"embeddable":true,"href":"https:\/\/eldiariodesanpedro.com.ar\/sitio\/wp-json\/wp\/v2\/comments?post=106668"}],"version-history":[{"count":1,"href":"https:\/\/eldiariodesanpedro.com.ar\/sitio\/wp-json\/wp\/v2\/posts\/106668\/revisions"}],"predecessor-version":[{"id":106669,"href":"https:\/\/eldiariodesanpedro.com.ar\/sitio\/wp-json\/wp\/v2\/posts\/106668\/revisions\/106669"}],"wp:featuredmedia":[{"embeddable":true,"href":"https:\/\/eldiariodesanpedro.com.ar\/sitio\/wp-json\/wp\/v2\/media\/81115"}],"wp:attachment":[{"href":"https:\/\/eldiariodesanpedro.com.ar\/sitio\/wp-json\/wp\/v2\/media?parent=106668"}],"wp:term":[{"taxonomy":"category","embeddable":true,"href":"https:\/\/eldiariodesanpedro.com.ar\/sitio\/wp-json\/wp\/v2\/categories?post=106668"},{"taxonomy":"post_tag","embeddable":true,"href":"https:\/\/eldiariodesanpedro.com.ar\/sitio\/wp-json\/wp\/v2\/tags?post=106668"}],"curies":[{"name":"wp","href":"https:\/\/api.w.org\/{rel}","templated":true}]}}