{"id":106662,"date":"2022-05-04T12:49:14","date_gmt":"2022-05-04T15:49:14","guid":{"rendered":"https:\/\/eldiariodesanpedro.com.ar\/sitio\/?p=106662"},"modified":"2022-05-04T12:49:14","modified_gmt":"2022-05-04T15:49:14","slug":"mache-gonzalez-fue-premiado-en-el-new-york-festivals-2022","status":"publish","type":"post","link":"https:\/\/eldiariodesanpedro.com.ar\/sitio\/mache-gonzalez-fue-premiado-en-el-new-york-festivals-2022\/","title":{"rendered":"Mache Gonz\u00e1lez fue premiado en el New York Festivals 2022"},"content":{"rendered":"<!-- VideographyWP Plugin Message: Automatic video embedding prevented by plugin options. -->\n\n<p>\u201cEsp\u00edritu Pionero\u201d fue la serie animada que realiz\u00f3 para el aniversario de la TV P\u00fablica y que fue ganadora del premio de Plata en New York Festivals. El animador se encuentra trabajando en un proyecto de Marvel para la plataforma Disney+.<\/p>\n\n\n\n<p>En el marco del aniversario por los 70 a\u00f1os de la TV P\u00fablica, el animador sampedrino Mache Gonz\u00e1lez realiz\u00f3\u00a0el ciclo \u00abEsp\u00edritu Pionero\u00bb, una serie de 7 cortos animados. \u201cEra un proyecto de animaci\u00f3n que originalmente iba a ser con actores y grabado, pero con el contexto de pandemia no se pudo, esto surgi\u00f3 en Plan B y despu\u00e9s fue tomando jerarqu\u00eda, fue tomando relevancia hasta el punto que terminaron armando un especial en el canal y tanto les gust\u00f3 que me informaron que lo iban a hacer participar de concurso junto con otros programas del a\u00f1o\u201d, coment\u00f3 el artista en el aire de FM G\u00e9nesis.<\/p>\n\n\n\n<p>El mes pasado se hab\u00edan anunciado a los nominados al New York Festival, un espacio que reconoce los trabajos de Cine y TV a nivel mundial, y hace una semana se conocieron los ganadores en donde la serie animada fue premiada con la estatuilla de Plata, \u201cEstaban todos muy contentos, yo en un principio sorprendido y despu\u00e9s me fue cayendo la ficha\u201d.<\/p>\n\n\n\n<p>\u201cLa alegr\u00eda de que jerarquicen el trabajo de uno est\u00e1 bueno, porque era un proyecto como secundario, iba a ser algo que iba a aparecer entre alg\u00fan que otro programa, en el noticiero o cuando hubiese alg\u00fan hueco en la programaci\u00f3n, y sin embargo fue cobrando valor y eso est\u00e1 bueno\u201d, afirm\u00f3 el sampedrino.<\/p>\n\n\n\n<p>Refiri\u00e9ndose a la producci\u00f3n y el armado de la serie coment\u00f3 que tuvo que mantener mucho cuidado con el guion y su adaptaci\u00f3n, ya que originalmente estaba hecho para la celebraci\u00f3n de los 60 a\u00f1os de la TV P\u00fablica. A su vez hubo un trabajo arduo de investigaci\u00f3n con respecto a los vestuarios, los lugares en los que se sit\u00faan las historias y los personajes. \u201cEs como cambiar el lenguaje; en un lugar donde hab\u00eda di\u00e1logos y hab\u00eda situaciones y lugares donde grabar, se produce todo\u201d.<\/p>\n\n\n\n<p>En conversaci\u00f3n con Bety Rodr\u00edguez en FM G\u00e9nesis 106.7, el artista Mache Gonz\u00e1lez confirm\u00f3 estar trabajando actualmente en un gran proyecto para Marvel Studios que ser\u00e1 para la plataforma Disney+, \u201cEn el proyecto de Marvel hay cierta confidencialidad hasta que deciden anunciar el proyecto, pero lo que puedo llegar a contar es que es una serie con actores donde en un momento en el que recuerdan algo aparecen ilustraciones animadas, que son mis ilustraciones\u201d.<\/p>\n\n\n\n<p>Fuente: <a href=\"https:\/\/www.sanpedroinforma.com.ar\/news-124929-mache-gonz%C3%A1lez-fue-premiado-en-el-new-york-festivals-2022\">San Pedro Informa<\/a><\/p>\n\n\n\n<figure class=\"wp-block-image size-full\"><img decoding=\"async\" width=\"347\" height=\"347\" data-attachment-id=\"106664\" data-permalink=\"https:\/\/eldiariodesanpedro.com.ar\/sitio\/mache-gonzalez-fue-premiado-en-el-new-york-festivals-2022\/descarga-88\/\" data-orig-file=\"https:\/\/eldiariodesanpedro.com.ar\/sitio\/wp-content\/uploads\/2022\/05\/descarga-1.jpg\" data-orig-size=\"347,347\" data-comments-opened=\"0\" data-image-meta=\"{&quot;aperture&quot;:&quot;0&quot;,&quot;credit&quot;:&quot;&quot;,&quot;camera&quot;:&quot;&quot;,&quot;caption&quot;:&quot;&quot;,&quot;created_timestamp&quot;:&quot;0&quot;,&quot;copyright&quot;:&quot;&quot;,&quot;focal_length&quot;:&quot;0&quot;,&quot;iso&quot;:&quot;0&quot;,&quot;shutter_speed&quot;:&quot;0&quot;,&quot;title&quot;:&quot;&quot;,&quot;orientation&quot;:&quot;0&quot;}\" data-image-title=\"descarga\" data-image-description=\"\" data-image-caption=\"\" data-large-file=\"https:\/\/eldiariodesanpedro.com.ar\/sitio\/wp-content\/uploads\/2022\/05\/descarga-1.jpg\" data-src=\"https:\/\/eldiariodesanpedro.com.ar\/sitio\/wp-content\/uploads\/2022\/05\/descarga-1.jpg\" alt=\"\" class=\"wp-image-106664 lazyload\" data-srcset=\"https:\/\/eldiariodesanpedro.com.ar\/sitio\/wp-content\/uploads\/2022\/05\/descarga-1.jpg 347w, https:\/\/eldiariodesanpedro.com.ar\/sitio\/wp-content\/uploads\/2022\/05\/descarga-1-300x300.jpg 300w, https:\/\/eldiariodesanpedro.com.ar\/sitio\/wp-content\/uploads\/2022\/05\/descarga-1-150x150.jpg 150w\" data-sizes=\"(max-width: 347px) 100vw, 347px\" src=\"data:image\/svg+xml;base64,PHN2ZyB3aWR0aD0iMSIgaGVpZ2h0PSIxIiB4bWxucz0iaHR0cDovL3d3dy53My5vcmcvMjAwMC9zdmciPjwvc3ZnPg==\" style=\"--smush-placeholder-width: 347px; --smush-placeholder-aspect-ratio: 347\/347;\" \/><\/figure>\n","protected":false},"excerpt":{"rendered":"<p>\u201cEsp\u00edritu Pionero\u201d fue la serie animada que realiz\u00f3 para el aniversario de la TV P\u00fablica y que fue ganadora del premio de Plata en New York Festivals. El animador se encuentra trabajando en un proyecto de Marvel para la plataforma Disney+. En el marco del aniversario por los 70 a\u00f1os de la TV P\u00fablica, el [&hellip;]<\/p>\n","protected":false},"author":4,"featured_media":106663,"comment_status":"closed","ping_status":"closed","sticky":false,"template":"","format":"standard","meta":{"om_disable_all_campaigns":false,"_jetpack_memberships_contains_paid_content":false,"footnotes":""},"categories":[50,101,2],"tags":[197,696,33,19],"class_list":["post-106662","post","type-post","status-publish","format-standard","has-post-thumbnail","hentry","category-destacadas","category-interes-general-locales","category-locales","tag-buenos-aires","tag-interes-general","tag-locales","tag-san-pedro"],"aioseo_notices":[],"gutentor_comment":0,"jetpack_featured_media_url":"https:\/\/eldiariodesanpedro.com.ar\/sitio\/wp-content\/uploads\/2022\/05\/0000020865-resized-1920x1080-1.jpg","jetpack_shortlink":"https:\/\/wp.me\/p6RhLt-rKm","jetpack_sharing_enabled":true,"_links":{"self":[{"href":"https:\/\/eldiariodesanpedro.com.ar\/sitio\/wp-json\/wp\/v2\/posts\/106662","targetHints":{"allow":["GET"]}}],"collection":[{"href":"https:\/\/eldiariodesanpedro.com.ar\/sitio\/wp-json\/wp\/v2\/posts"}],"about":[{"href":"https:\/\/eldiariodesanpedro.com.ar\/sitio\/wp-json\/wp\/v2\/types\/post"}],"author":[{"embeddable":true,"href":"https:\/\/eldiariodesanpedro.com.ar\/sitio\/wp-json\/wp\/v2\/users\/4"}],"replies":[{"embeddable":true,"href":"https:\/\/eldiariodesanpedro.com.ar\/sitio\/wp-json\/wp\/v2\/comments?post=106662"}],"version-history":[{"count":1,"href":"https:\/\/eldiariodesanpedro.com.ar\/sitio\/wp-json\/wp\/v2\/posts\/106662\/revisions"}],"predecessor-version":[{"id":106665,"href":"https:\/\/eldiariodesanpedro.com.ar\/sitio\/wp-json\/wp\/v2\/posts\/106662\/revisions\/106665"}],"wp:featuredmedia":[{"embeddable":true,"href":"https:\/\/eldiariodesanpedro.com.ar\/sitio\/wp-json\/wp\/v2\/media\/106663"}],"wp:attachment":[{"href":"https:\/\/eldiariodesanpedro.com.ar\/sitio\/wp-json\/wp\/v2\/media?parent=106662"}],"wp:term":[{"taxonomy":"category","embeddable":true,"href":"https:\/\/eldiariodesanpedro.com.ar\/sitio\/wp-json\/wp\/v2\/categories?post=106662"},{"taxonomy":"post_tag","embeddable":true,"href":"https:\/\/eldiariodesanpedro.com.ar\/sitio\/wp-json\/wp\/v2\/tags?post=106662"}],"curies":[{"name":"wp","href":"https:\/\/api.w.org\/{rel}","templated":true}]}}