{"id":106658,"date":"2022-05-04T12:43:17","date_gmt":"2022-05-04T15:43:17","guid":{"rendered":"https:\/\/eldiariodesanpedro.com.ar\/sitio\/?p=106658"},"modified":"2022-05-04T12:44:05","modified_gmt":"2022-05-04T15:44:05","slug":"javier-silva-el-jardin-919-sera-un-modelo-para-san-pedro","status":"publish","type":"post","link":"https:\/\/eldiariodesanpedro.com.ar\/sitio\/javier-silva-el-jardin-919-sera-un-modelo-para-san-pedro\/","title":{"rendered":"Javier Silva: \u00abEl jard\u00edn 919 ser\u00e1 un modelo para San Pedro\u00bb"},"content":{"rendered":"<!-- VideographyWP Plugin Message: Automatic video embedding prevented by plugin options. -->\n\n<p>El jard\u00edn ubicado donde funcion\u00f3 la cancha de f\u00fatbol del club Banfield ya tiene numeraci\u00f3n y faltan detalles menores para concluir con la obra. Se espera poder inaugurarlo en las pr\u00f3ximas semanas.<\/p>\n\n\n\n<p>El secretario de Obras p\u00fablicas se refiri\u00f3 al Jard\u00edn de Banfield y afirm\u00f3 que cada vez falta menos para que finalice la obra. \u201cEstamos muy adelantados y en las instancias finales\u201d.<\/p>\n\n\n\n<p>Est\u00e1 ma\u00f1ana Javier Silva, el Secretario de Obras P\u00fablicas confirm\u00f3 que la obra del Jard\u00edn de Banfield se encuentra en instancias finales y que se espera contar con todos los servicios a principios de junio.<\/p>\n\n\n\n<p>\u201cEstamos en un grado de detalle de terminaci\u00f3n que a lo largo de est\u00e1 semana va a ir avanzando. Suponemos que en este mes ya vamos a dar por terminada esa obra\u201d, asegur\u00f3 en conversaci\u00f3n con Bety Rodriguez y Mart\u00edn P\u00e9rez, durante el programa \u00abPrimera Plana\u00bb.<\/p>\n\n\n\n<p>\u201cPor supuesto no solo la recepci\u00f3n o finalizaci\u00f3n de la obra la tenemos que dar nosotros como Secretar\u00eda o como Municipio, sino que tambi\u00e9n educaci\u00f3n tiene que prestar el mismo consentimiento, por lo que lleva esta obra un doble control\u201d, continu\u00f3 refiri\u00e9ndose al labor de la Secretar\u00eda de Educaci\u00f3n una vez finalizada la obra.<\/p>\n\n\n\n<p>Silva tambi\u00e9n se refiri\u00f3 a las \u00faltimas instancias de la obra: \u201cAyer estaban instalando la caldera, los radiadores de calefacci\u00f3n, ma\u00f1ana mi\u00e9rcoles estar\u00e1n instalando las puertas de las aulas, tenemos 7 aires acondicionados tambi\u00e9n para instalar. Queda m\u00e1s que nada la instalaci\u00f3n de los elementos y a partir de ah\u00ed todas las terminaciones con una nueva mano de pintura a todo el detalle\u201d.<\/p>\n\n\n\n<p>La Instituci\u00f3n contar\u00e1 con seis aulas, un amplio zoom, una sala de manualidades y m\u00fasica junto con una peque\u00f1a biblioteca, tambi\u00e9n habr\u00e1 ba\u00f1os para el personal con ducha incluidas, \u201cCuenta con unas comodidades que no cuenta ning\u00fan jard\u00edn de San Pedro\u201d, asegur\u00f3 el Secretario de Obras P\u00fablicas.&nbsp;<\/p>\n\n\n\n<p>\u201cYa hab\u00eda parte del mobiliario, que eran las mesas de los ni\u00f1os y esta semana llegaron las puertas junto con las sillas\u201d.<\/p>\n\n\n\n<p>En relaci\u00f3n al cupo de alumnos que podr\u00e1n asistir a la Instituci\u00f3n a\u00fan no est\u00e1 definido, aunque se estima que podr\u00e1n ser alrededor de 300 chicos en diferentes turnos. \u201cLos sampedrinos tenemos un lugar m\u00e1s para poder dar respuesta a esa falta de lugares educativos para que los ni\u00f1os puedan acceder a su primer nivel escolar, con una calidad constructiva, con un grado de mobiliarios y calidad de los mismos que no hay en otro jard\u00edn. Este va a ser un jard\u00edn modelo en San Pedro\u201d, afirm\u00f3 Silva.<\/p>\n\n\n\n<p>Fuente: <a href=\"https:\/\/www.sanpedroinforma.com.ar\/news-124928-javier-silva-el-jard%C3%ADn-919-ser%C3%A1-un-modelo-para-san-pedro\">Sna Pedro Informa<\/a><\/p>\n","protected":false},"excerpt":{"rendered":"<p>El jard\u00edn ubicado donde funcion\u00f3 la cancha de f\u00fatbol del club Banfield ya tiene numeraci\u00f3n y faltan detalles menores para concluir con la obra. Se espera poder inaugurarlo en las pr\u00f3ximas semanas. El secretario de Obras p\u00fablicas se refiri\u00f3 al Jard\u00edn de Banfield y afirm\u00f3 que cada vez falta menos para que finalice la obra. [&hellip;]<\/p>\n","protected":false},"author":4,"featured_media":106659,"comment_status":"closed","ping_status":"closed","sticky":false,"template":"","format":"standard","meta":{"om_disable_all_campaigns":false,"_jetpack_memberships_contains_paid_content":false,"footnotes":""},"categories":[50,101,2],"tags":[197,696,33,19],"class_list":["post-106658","post","type-post","status-publish","format-standard","has-post-thumbnail","hentry","category-destacadas","category-interes-general-locales","category-locales","tag-buenos-aires","tag-interes-general","tag-locales","tag-san-pedro"],"aioseo_notices":[],"gutentor_comment":0,"jetpack_featured_media_url":"https:\/\/eldiariodesanpedro.com.ar\/sitio\/wp-content\/uploads\/2022\/05\/0000020864-resized-1920x1080-1.jpg","jetpack_shortlink":"https:\/\/wp.me\/p6RhLt-rKi","jetpack_sharing_enabled":true,"_links":{"self":[{"href":"https:\/\/eldiariodesanpedro.com.ar\/sitio\/wp-json\/wp\/v2\/posts\/106658","targetHints":{"allow":["GET"]}}],"collection":[{"href":"https:\/\/eldiariodesanpedro.com.ar\/sitio\/wp-json\/wp\/v2\/posts"}],"about":[{"href":"https:\/\/eldiariodesanpedro.com.ar\/sitio\/wp-json\/wp\/v2\/types\/post"}],"author":[{"embeddable":true,"href":"https:\/\/eldiariodesanpedro.com.ar\/sitio\/wp-json\/wp\/v2\/users\/4"}],"replies":[{"embeddable":true,"href":"https:\/\/eldiariodesanpedro.com.ar\/sitio\/wp-json\/wp\/v2\/comments?post=106658"}],"version-history":[{"count":2,"href":"https:\/\/eldiariodesanpedro.com.ar\/sitio\/wp-json\/wp\/v2\/posts\/106658\/revisions"}],"predecessor-version":[{"id":106661,"href":"https:\/\/eldiariodesanpedro.com.ar\/sitio\/wp-json\/wp\/v2\/posts\/106658\/revisions\/106661"}],"wp:featuredmedia":[{"embeddable":true,"href":"https:\/\/eldiariodesanpedro.com.ar\/sitio\/wp-json\/wp\/v2\/media\/106659"}],"wp:attachment":[{"href":"https:\/\/eldiariodesanpedro.com.ar\/sitio\/wp-json\/wp\/v2\/media?parent=106658"}],"wp:term":[{"taxonomy":"category","embeddable":true,"href":"https:\/\/eldiariodesanpedro.com.ar\/sitio\/wp-json\/wp\/v2\/categories?post=106658"},{"taxonomy":"post_tag","embeddable":true,"href":"https:\/\/eldiariodesanpedro.com.ar\/sitio\/wp-json\/wp\/v2\/tags?post=106658"}],"curies":[{"name":"wp","href":"https:\/\/api.w.org\/{rel}","templated":true}]}}