{"id":106655,"date":"2022-05-04T12:37:47","date_gmt":"2022-05-04T15:37:47","guid":{"rendered":"https:\/\/eldiariodesanpedro.com.ar\/sitio\/?p=106655"},"modified":"2022-05-04T12:37:48","modified_gmt":"2022-05-04T15:37:48","slug":"dr-creus-estamos-constantemente-en-contacto-con-el-secretario-de-salud","status":"publish","type":"post","link":"https:\/\/eldiariodesanpedro.com.ar\/sitio\/dr-creus-estamos-constantemente-en-contacto-con-el-secretario-de-salud\/","title":{"rendered":"Dr. Creus: \u201cEstamos constantemente en contacto con el Secretario de Salud\u201d"},"content":{"rendered":"<!-- VideographyWP Plugin Message: Automatic video embedding prevented by plugin options. -->\n\n<p>Desde el lunes el m\u00e9dico inici\u00f3 su etapa como jefe del \u00abRuffa\u00bb. Lo hace en lugar del Dr. Javier Sualdea quien seguir\u00e1 desempe\u00f1\u00e1ndose como m\u00e9dico orientador.<\/p>\n\n\n\n<p>D\u00edas atr\u00e1s el Dr. Javier Sualdea hab\u00eda anunciado en el aire de FM G\u00e9nesis que se retirar\u00eda de la jefatura del Hospital Emilio Ruffa tras cuatro a\u00f1os de gesti\u00f3n.<\/p>\n\n\n\n<p>El lunes asumi\u00f3 en su lugar el ex Secretario de Salud, Dr. Daniel Creus, quien regresar\u00e1 al gabinete municipal tras haber ocupado por cinco meses una banca en el HCD.<\/p>\n\n\n\n<p>El flamante director, en conversaci\u00f3n con Bety Rodriguez y Mart\u00edn P\u00e9rez, durante el programa \u201cPrimera Plana\u201d, afirm\u00f3 volver a su \u201czona de confort\u201d.<\/p>\n\n\n\n<p>\u201cDespu\u00e9s de Semana Santa empez\u00f3 alguna que otra conversaci\u00f3n para ver s\u00ed me sentir\u00eda c\u00f3modo en volver\u201d, mencion\u00f3 el nuevo jefe del hospital.<\/p>\n\n\n\n<p>\u201cComo dijimos en la campa\u00f1a no se votaba una lista de concejales sino un equipo de gobierno y bueno, me siento parte de ese equipo\u201d, afirm\u00f3.<\/p>\n\n\n\n<p>\u201cEstamos constantemente en contacto con el Secretario de Salud. En realidad, no deje de estar nunca, con Pablo siempre nos llevamos muy bien. La relaci\u00f3n es muy fluida\u201d, confirm\u00f3 Daniel Creus acerca de su relaci\u00f3n con el actual Secretario de Salud, Pablo Pichioni.<\/p>\n\n\n\n<p>Creus tambi\u00e9n se refiri\u00f3 al nuevo sistema de turnos que ser\u00e1 a trav\u00e9s de una aplicaci\u00f3n, \u201cen el Hospital va a tardar un poco m\u00e1s. Se va a hacer una prueba piloto con los consultorios de calle Ituzaing\u00f3, all\u00e1 con Salud Mental y Kinesiolog\u00eda\u201d.<\/p>\n\n\n\n<p>Fuente: <a href=\"https:\/\/www.sanpedroinforma.com.ar\/news-124927-dr-creus-estamos-constantemente-en-contacto-con-el-secretario-de-salud\">San Pedro Informa<\/a><\/p>\n","protected":false},"excerpt":{"rendered":"<p>Desde el lunes el m\u00e9dico inici\u00f3 su etapa como jefe del \u00abRuffa\u00bb. Lo hace en lugar del Dr. Javier Sualdea quien seguir\u00e1 desempe\u00f1\u00e1ndose como m\u00e9dico orientador. D\u00edas atr\u00e1s el Dr. Javier Sualdea hab\u00eda anunciado en el aire de FM G\u00e9nesis que se retirar\u00eda de la jefatura del Hospital Emilio Ruffa tras cuatro a\u00f1os de gesti\u00f3n. [&hellip;]<\/p>\n","protected":false},"author":4,"featured_media":106656,"comment_status":"closed","ping_status":"closed","sticky":false,"template":"","format":"standard","meta":{"om_disable_all_campaigns":false,"_jetpack_memberships_contains_paid_content":false,"footnotes":""},"categories":[50,101,2],"tags":[197,696,33,19],"class_list":["post-106655","post","type-post","status-publish","format-standard","has-post-thumbnail","hentry","category-destacadas","category-interes-general-locales","category-locales","tag-buenos-aires","tag-interes-general","tag-locales","tag-san-pedro"],"aioseo_notices":[],"gutentor_comment":0,"jetpack_featured_media_url":"https:\/\/eldiariodesanpedro.com.ar\/sitio\/wp-content\/uploads\/2022\/05\/IMG-20210204-WA0007.jpg","jetpack_shortlink":"https:\/\/wp.me\/p6RhLt-rKf","jetpack_sharing_enabled":true,"_links":{"self":[{"href":"https:\/\/eldiariodesanpedro.com.ar\/sitio\/wp-json\/wp\/v2\/posts\/106655","targetHints":{"allow":["GET"]}}],"collection":[{"href":"https:\/\/eldiariodesanpedro.com.ar\/sitio\/wp-json\/wp\/v2\/posts"}],"about":[{"href":"https:\/\/eldiariodesanpedro.com.ar\/sitio\/wp-json\/wp\/v2\/types\/post"}],"author":[{"embeddable":true,"href":"https:\/\/eldiariodesanpedro.com.ar\/sitio\/wp-json\/wp\/v2\/users\/4"}],"replies":[{"embeddable":true,"href":"https:\/\/eldiariodesanpedro.com.ar\/sitio\/wp-json\/wp\/v2\/comments?post=106655"}],"version-history":[{"count":1,"href":"https:\/\/eldiariodesanpedro.com.ar\/sitio\/wp-json\/wp\/v2\/posts\/106655\/revisions"}],"predecessor-version":[{"id":106657,"href":"https:\/\/eldiariodesanpedro.com.ar\/sitio\/wp-json\/wp\/v2\/posts\/106655\/revisions\/106657"}],"wp:featuredmedia":[{"embeddable":true,"href":"https:\/\/eldiariodesanpedro.com.ar\/sitio\/wp-json\/wp\/v2\/media\/106656"}],"wp:attachment":[{"href":"https:\/\/eldiariodesanpedro.com.ar\/sitio\/wp-json\/wp\/v2\/media?parent=106655"}],"wp:term":[{"taxonomy":"category","embeddable":true,"href":"https:\/\/eldiariodesanpedro.com.ar\/sitio\/wp-json\/wp\/v2\/categories?post=106655"},{"taxonomy":"post_tag","embeddable":true,"href":"https:\/\/eldiariodesanpedro.com.ar\/sitio\/wp-json\/wp\/v2\/tags?post=106655"}],"curies":[{"name":"wp","href":"https:\/\/api.w.org\/{rel}","templated":true}]}}