{"id":106653,"date":"2022-05-04T12:27:23","date_gmt":"2022-05-04T15:27:23","guid":{"rendered":"https:\/\/eldiariodesanpedro.com.ar\/sitio\/?p=106653"},"modified":"2022-05-04T12:27:23","modified_gmt":"2022-05-04T15:27:23","slug":"un-ciudadano-denuncio-que-le-vaciaron-la-cuenta-bancaria%ef%bf%bc","status":"publish","type":"post","link":"https:\/\/eldiariodesanpedro.com.ar\/sitio\/un-ciudadano-denuncio-que-le-vaciaron-la-cuenta-bancaria%ef%bf%bc\/","title":{"rendered":"Un ciudadano denunci\u00f3 que le vaciaron la cuenta bancaria\ufffc"},"content":{"rendered":"<!-- VideographyWP Plugin Message: Automatic video embedding prevented by plugin options. -->\n\n<p>Este mi\u00e9rcoles en horas del mediod\u00eda un ciudadano de 60 a\u00f1os realiz\u00f3 una denuncia en la comisar\u00eda local que se hace presente en el Banco que opera en esta ciudad en el sector caja, donde es informado por el empleado de la entidad de que fue extra\u00edda mediante cajero autom\u00e1tico una suma importante de dinero de su cuenta por lo ya no ten\u00eda fondos, as\u00ed mismo le advierten que le figura en su sistema que su nueva tarjeta de d\u00e9bito que hab\u00eda solicitado fue entregada en su domicilio, lo cual el denunciante desconoc\u00eda.\u00a0\u00a0<\/p>\n","protected":false},"excerpt":{"rendered":"<p>Este mi\u00e9rcoles en horas del mediod\u00eda un ciudadano de 60 a\u00f1os realiz\u00f3 una denuncia en la comisar\u00eda local que se hace presente en el Banco que opera en esta ciudad en el sector caja, donde es informado por el empleado de la entidad de que fue extra\u00edda mediante cajero autom\u00e1tico una suma importante de dinero [&hellip;]<\/p>\n","protected":false},"author":4,"featured_media":103679,"comment_status":"closed","ping_status":"closed","sticky":false,"template":"","format":"standard","meta":{"om_disable_all_campaigns":false,"_jetpack_memberships_contains_paid_content":false,"footnotes":""},"categories":[2,103],"tags":[197,33,95,19],"class_list":["post-106653","post","type-post","status-publish","format-standard","has-post-thumbnail","hentry","category-locales","category-policiales-locales","tag-buenos-aires","tag-locales","tag-policiales","tag-san-pedro"],"aioseo_notices":[],"gutentor_comment":0,"jetpack_featured_media_url":"https:\/\/eldiariodesanpedro.com.ar\/sitio\/wp-content\/uploads\/2022\/02\/comisaria_san_pedro.jpg","jetpack_shortlink":"https:\/\/wp.me\/p6RhLt-rKd","jetpack_sharing_enabled":true,"_links":{"self":[{"href":"https:\/\/eldiariodesanpedro.com.ar\/sitio\/wp-json\/wp\/v2\/posts\/106653","targetHints":{"allow":["GET"]}}],"collection":[{"href":"https:\/\/eldiariodesanpedro.com.ar\/sitio\/wp-json\/wp\/v2\/posts"}],"about":[{"href":"https:\/\/eldiariodesanpedro.com.ar\/sitio\/wp-json\/wp\/v2\/types\/post"}],"author":[{"embeddable":true,"href":"https:\/\/eldiariodesanpedro.com.ar\/sitio\/wp-json\/wp\/v2\/users\/4"}],"replies":[{"embeddable":true,"href":"https:\/\/eldiariodesanpedro.com.ar\/sitio\/wp-json\/wp\/v2\/comments?post=106653"}],"version-history":[{"count":1,"href":"https:\/\/eldiariodesanpedro.com.ar\/sitio\/wp-json\/wp\/v2\/posts\/106653\/revisions"}],"predecessor-version":[{"id":106654,"href":"https:\/\/eldiariodesanpedro.com.ar\/sitio\/wp-json\/wp\/v2\/posts\/106653\/revisions\/106654"}],"wp:featuredmedia":[{"embeddable":true,"href":"https:\/\/eldiariodesanpedro.com.ar\/sitio\/wp-json\/wp\/v2\/media\/103679"}],"wp:attachment":[{"href":"https:\/\/eldiariodesanpedro.com.ar\/sitio\/wp-json\/wp\/v2\/media?parent=106653"}],"wp:term":[{"taxonomy":"category","embeddable":true,"href":"https:\/\/eldiariodesanpedro.com.ar\/sitio\/wp-json\/wp\/v2\/categories?post=106653"},{"taxonomy":"post_tag","embeddable":true,"href":"https:\/\/eldiariodesanpedro.com.ar\/sitio\/wp-json\/wp\/v2\/tags?post=106653"}],"curies":[{"name":"wp","href":"https:\/\/api.w.org\/{rel}","templated":true}]}}