{"id":106650,"date":"2022-05-04T11:39:32","date_gmt":"2022-05-04T14:39:32","guid":{"rendered":"https:\/\/eldiariodesanpedro.com.ar\/sitio\/?p=106650"},"modified":"2022-05-04T11:39:32","modified_gmt":"2022-05-04T14:39:32","slug":"joven-aprehendido-tras-golpear-y-romper-el-telefono-a-su-pareja-%ef%bf%bc","status":"publish","type":"post","link":"https:\/\/eldiariodesanpedro.com.ar\/sitio\/joven-aprehendido-tras-golpear-y-romper-el-telefono-a-su-pareja-%ef%bf%bc\/","title":{"rendered":"Joven aprehendido tras golpear y romper el tel\u00e9fono a su pareja\u00a0\ufffc"},"content":{"rendered":"<!-- VideographyWP Plugin Message: Automatic video embedding prevented by plugin options. -->\n\n<p>Este martes en horas de la tarde alrededor de las 14:30 hs el personal policial alertado acude a calle Fray Cayetano Rodr\u00edguez al 1800, donde aprehende al ciudadano de 22 a\u00f1os quien momentos antes agrede f\u00edsicamente a golpes de pu\u00f1o a su pareja una mujer de 23 posterior a da\u00f1ar su tel\u00e9fono celular.&nbsp;<\/p>\n\n\n\n<p>La v\u00edctima fue asistida por la Comisar\u00eda de la Mujer y la Familia donde adem\u00e1s radic\u00f3 la denuncia.&nbsp;El aprehendido por su parte fue alojado en sede policial a disposici\u00f3n de la fiscal\u00eda local en turno.&nbsp;&nbsp;<\/p>\n","protected":false},"excerpt":{"rendered":"<p>Este martes en horas de la tarde alrededor de las 14:30 hs el personal policial alertado acude a calle Fray Cayetano Rodr\u00edguez al 1800, donde aprehende al ciudadano de 22 a\u00f1os quien momentos antes agrede f\u00edsicamente a golpes de pu\u00f1o a su pareja una mujer de 23 posterior a da\u00f1ar su tel\u00e9fono celular.&nbsp; La v\u00edctima [&hellip;]<\/p>\n","protected":false},"author":4,"featured_media":106651,"comment_status":"closed","ping_status":"closed","sticky":false,"template":"","format":"standard","meta":{"om_disable_all_campaigns":false,"_jetpack_memberships_contains_paid_content":false,"footnotes":""},"categories":[50,2,103],"tags":[197,696,33,19],"class_list":["post-106650","post","type-post","status-publish","format-standard","has-post-thumbnail","hentry","category-destacadas","category-locales","category-policiales-locales","tag-buenos-aires","tag-interes-general","tag-locales","tag-san-pedro"],"aioseo_notices":[],"gutentor_comment":0,"jetpack_featured_media_url":"https:\/\/eldiariodesanpedro.com.ar\/sitio\/wp-content\/uploads\/2022\/05\/medida.jpg","jetpack_shortlink":"https:\/\/wp.me\/p6RhLt-rKa","jetpack_sharing_enabled":true,"_links":{"self":[{"href":"https:\/\/eldiariodesanpedro.com.ar\/sitio\/wp-json\/wp\/v2\/posts\/106650","targetHints":{"allow":["GET"]}}],"collection":[{"href":"https:\/\/eldiariodesanpedro.com.ar\/sitio\/wp-json\/wp\/v2\/posts"}],"about":[{"href":"https:\/\/eldiariodesanpedro.com.ar\/sitio\/wp-json\/wp\/v2\/types\/post"}],"author":[{"embeddable":true,"href":"https:\/\/eldiariodesanpedro.com.ar\/sitio\/wp-json\/wp\/v2\/users\/4"}],"replies":[{"embeddable":true,"href":"https:\/\/eldiariodesanpedro.com.ar\/sitio\/wp-json\/wp\/v2\/comments?post=106650"}],"version-history":[{"count":1,"href":"https:\/\/eldiariodesanpedro.com.ar\/sitio\/wp-json\/wp\/v2\/posts\/106650\/revisions"}],"predecessor-version":[{"id":106652,"href":"https:\/\/eldiariodesanpedro.com.ar\/sitio\/wp-json\/wp\/v2\/posts\/106650\/revisions\/106652"}],"wp:featuredmedia":[{"embeddable":true,"href":"https:\/\/eldiariodesanpedro.com.ar\/sitio\/wp-json\/wp\/v2\/media\/106651"}],"wp:attachment":[{"href":"https:\/\/eldiariodesanpedro.com.ar\/sitio\/wp-json\/wp\/v2\/media?parent=106650"}],"wp:term":[{"taxonomy":"category","embeddable":true,"href":"https:\/\/eldiariodesanpedro.com.ar\/sitio\/wp-json\/wp\/v2\/categories?post=106650"},{"taxonomy":"post_tag","embeddable":true,"href":"https:\/\/eldiariodesanpedro.com.ar\/sitio\/wp-json\/wp\/v2\/tags?post=106650"}],"curies":[{"name":"wp","href":"https:\/\/api.w.org\/{rel}","templated":true}]}}