{"id":106647,"date":"2022-05-04T10:59:42","date_gmt":"2022-05-04T13:59:42","guid":{"rendered":"https:\/\/eldiariodesanpedro.com.ar\/sitio\/?p=106647"},"modified":"2022-05-04T10:59:43","modified_gmt":"2022-05-04T13:59:43","slug":"continua-la-inscripcion-a-los-programas-talleres-barriales-y-animate-vos-vales","status":"publish","type":"post","link":"https:\/\/eldiariodesanpedro.com.ar\/sitio\/continua-la-inscripcion-a-los-programas-talleres-barriales-y-animate-vos-vales\/","title":{"rendered":"Contin\u00faa la Inscripci\u00f3n a los programas \u201cTalleres Barriales\u201d y \u201cAnimate vos Val\u00e9s\u201d"},"content":{"rendered":"<!-- VideographyWP Plugin Message: Automatic video embedding prevented by plugin options. -->\n\n<p>La Secretar\u00eda de Turismo y Cultura de la Municipalidad de San Pedro, en conjunto con la Comisi\u00f3n de Promoci\u00f3n Cultural del Honorable Concejo Deliberante coordinan talleres en diferentes barrios y localidades que comenzar\u00e1n a partir del pr\u00f3ximo lunes 9 de mayo, al igual que los talleres del programa \u201cAnimate vos Val\u00e9s\u201d.<\/p>\n\n\n\n<p>A continuaci\u00f3n el listado de talleres por localidades y barrios:<\/p>\n\n\n\n<p>Gobernador Castro<br>Guitarra (s\u00e1bados de 15.00 a 16.30 y 17.00 a 18.30) en \u201cRueda la Rueda\u201d<br>Mini Artistas (mi\u00e9rcoles de 17.30 a 19.00) en Sede Envi\u00f3n<br>Express-Arte (jueves de 18.00 a 19.30) en Sede Envi\u00f3n<\/p>\n\n\n\n<p>Santa Luc\u00eda<br>Teatro (martes de 18.00 a 19.30) en la Biblioteca<br>Pl\u00e1stica para ni\u00f1os (mi\u00e9rcoles de 17.30 a 19.00) en la Biblioteca<br>Fotograf\u00eda (jueves de 15.00 a 16.30) en Casa del Teatro Santa Luc\u00eda<\/p>\n\n\n\n<p>Pueblo Doyle<br>Pl\u00e1stica (viernes de 17.30 a 19.00) en Estaci\u00f3n de Doyle<br>Escenograf\u00eda (martes de 15.00 a 16.30) en Estaci\u00f3n de Doyle<\/p>\n\n\n\n<p>Vuelta de Obligado<br>Teatro para ni\u00f1os (viernes de 17.00 a 18.30) en Comisi\u00f3n de Fomento<br>Folklore (martes de 17.30 a 20.30) en Comisi\u00f3n de Fomento<\/p>\n\n\n\n<p>R\u00edo Tala<br>Dibujo y pintura (viernes de 17.30 a 19.00 y s\u00e1bados de 10.00 a 11.30) en Sede Envi\u00f3n<br>Folklore (martes y jueves de 17.30 a 19.30) en Sede Envi\u00f3n<\/p>\n\n\n\n<p>Bajo Tala<br>Escritura terap\u00e9utica (jueves de 14.00 a 15.30) en Capilla Santa Rosa de Lima<br>Folklore (viernes de 14.00 a 15.30) en Capilla Santa Rosa de Lima<br>Teatro para ni\u00f1os (mi\u00e9rcoles de 17.00 a 18.30) en Capilla Santa Rosa de Lima<\/p>\n\n\n\n<p>La Buena Moza<br>Teatro (s\u00e1bado de 17.30 a 19.00) en Club 12 de octubre<br>Folklore (lunes y viernes de 19.30 a 20.30) en Club 12 de octubre<\/p>\n\n\n\n<p>Costanera<br>Yoga (mi\u00e9rcoles de 15.00 a 16.30) en Complejo Tur\u00edstico Municipal<br>Manualidades (martes de 15.00 a 16.30) en Complejo Tur\u00edstico Municipal<\/p>\n\n\n\n<p>Centro<br>Canto (lunes de 18.00 a 19.30) en Teatro Siripo<br>Tango (lunes de 18.00 a 19.30) en Centro Cultural Abelardo Castillo<br>Artes Visuales (viernes de 17.30 a 19.00) en El Cuadril\u00e1tero<br>Home Studio (mi\u00e9rcoles de 20.00 a 22.00) en el Centro Cultural Abelardo Castillo<br>Malambo (jueves de 19.00 a 21.00) en el Cuadril\u00e1tero<br>Teatro (martes de 18.00 a 20.00) en el Teatro Siripo<br>Bachata (mi\u00e9rcoles de 20.00 a 22.00) en el Centro Cultural Abelardo Castillo<br>Salsa (lunes de 20.00 a 22.00) en el Centro Cultural Abelardo Castillo<br>Cuerda Seca (jueves de 14.00 a 16.00 y 16.00 a 18.00) en la Casona de Turismo<\/p>\n\n\n\n<p>Mateo Sbert<br>Canto + Instrumentos (viernes de 17.30 a 19.00) en Capilla Santa Rita<br>Pintura (martes de 15.30 a 17.00) en Capilla Santa Rita<br>Pintura para ni\u00f1os (martes de 17.30 a 19.00) en Capilla Santa Rita<\/p>\n\n\n\n<p>2 de abril<br>Radio Itinerante (jueves de 18.00 a 19.30) en el Comedor de Adriana<\/p>\n\n\n\n<p>Canaletas<br>Artes Visuales (lunes de 18.30 a 20.00) en el Club Am\u00e9rica<\/p>\n\n\n\n<p>Barrio Futuro<br>Reciclaje (mi\u00e9rcoles de 16.00 a 17.30) en Capilla Santa Teresita<br>Lengua de Se\u00f1as (s\u00e1bados de 14.00 a 15.30) en Capilla Santa Teresita<\/p>\n\n\n\n<p>San Juli\u00e1n<br>Folklore (viernes de 16.00 a 17.30) en Comisi\u00f3n de Fomento<\/p>\n\n\n\n<p>Hermano Indio<br>M\u00fasica y Canto (lunes de 17.30 a 19.00) en Capilla San Luis Gonzaga<\/p>\n\n\n\n<p>Barrio San Francisco<br>Yoga (viernes de 15.00 a 16.30) en el C.I.C.<br>Folklore (viernes de 14.00 a 15.30) en el C.I.C.<\/p>\n\n\n\n<p>Villa Igoillo<br>Lengua de Se\u00f1as (viernes de 15.00 a 16.30) en la Iglesia de Jesucristo de los Santos de los \u00daltimos D\u00edas<br>Escritura Terap\u00e9utica (viernes de 17.00 a 18.30) en la Iglesia de Jesucristo de los Santos de los \u00daltimos D\u00edas<\/p>\n\n\n\n<p>Barrio Amanecer<br>Radio Itinerante (martes de 18.00 a 19.30) en Centro El Amanecer<br>Ilustraci\u00f3n (jueves de 17.00 a 18.30) en Centro El Amanecer<\/p>\n\n\n\n<p>Los interesados pueden solicitar m\u00e1s informaci\u00f3n e inscribirse en el Centro Cultural Abelardo Castillo ubicado en calle 25 de mayo 848 o a trav\u00e9s de los tel\u00e9fonos (03329) 438720 y +54 9 3329 629453 para whatsapp.<\/p>\n","protected":false},"excerpt":{"rendered":"<p>La Secretar\u00eda de Turismo y Cultura de la Municipalidad de San Pedro, en conjunto con la Comisi\u00f3n de Promoci\u00f3n Cultural del Honorable Concejo Deliberante coordinan talleres en diferentes barrios y localidades que comenzar\u00e1n a partir del pr\u00f3ximo lunes 9 de mayo, al igual que los talleres del programa \u201cAnimate vos Val\u00e9s\u201d. A continuaci\u00f3n el listado [&hellip;]<\/p>\n","protected":false},"author":4,"featured_media":106648,"comment_status":"closed","ping_status":"closed","sticky":false,"template":"","format":"standard","meta":{"om_disable_all_campaigns":false,"_jetpack_memberships_contains_paid_content":false,"footnotes":""},"categories":[101,2],"tags":[197,696,33,19],"class_list":["post-106647","post","type-post","status-publish","format-standard","has-post-thumbnail","hentry","category-interes-general-locales","category-locales","tag-buenos-aires","tag-interes-general","tag-locales","tag-san-pedro"],"aioseo_notices":[],"gutentor_comment":0,"jetpack_featured_media_url":"https:\/\/eldiariodesanpedro.com.ar\/sitio\/wp-content\/uploads\/2022\/05\/e762cb1c-f0c6-4cc6-9abc-f1925f03e67a.jpg","jetpack_shortlink":"https:\/\/wp.me\/p6RhLt-rK7","jetpack_sharing_enabled":true,"_links":{"self":[{"href":"https:\/\/eldiariodesanpedro.com.ar\/sitio\/wp-json\/wp\/v2\/posts\/106647","targetHints":{"allow":["GET"]}}],"collection":[{"href":"https:\/\/eldiariodesanpedro.com.ar\/sitio\/wp-json\/wp\/v2\/posts"}],"about":[{"href":"https:\/\/eldiariodesanpedro.com.ar\/sitio\/wp-json\/wp\/v2\/types\/post"}],"author":[{"embeddable":true,"href":"https:\/\/eldiariodesanpedro.com.ar\/sitio\/wp-json\/wp\/v2\/users\/4"}],"replies":[{"embeddable":true,"href":"https:\/\/eldiariodesanpedro.com.ar\/sitio\/wp-json\/wp\/v2\/comments?post=106647"}],"version-history":[{"count":1,"href":"https:\/\/eldiariodesanpedro.com.ar\/sitio\/wp-json\/wp\/v2\/posts\/106647\/revisions"}],"predecessor-version":[{"id":106649,"href":"https:\/\/eldiariodesanpedro.com.ar\/sitio\/wp-json\/wp\/v2\/posts\/106647\/revisions\/106649"}],"wp:featuredmedia":[{"embeddable":true,"href":"https:\/\/eldiariodesanpedro.com.ar\/sitio\/wp-json\/wp\/v2\/media\/106648"}],"wp:attachment":[{"href":"https:\/\/eldiariodesanpedro.com.ar\/sitio\/wp-json\/wp\/v2\/media?parent=106647"}],"wp:term":[{"taxonomy":"category","embeddable":true,"href":"https:\/\/eldiariodesanpedro.com.ar\/sitio\/wp-json\/wp\/v2\/categories?post=106647"},{"taxonomy":"post_tag","embeddable":true,"href":"https:\/\/eldiariodesanpedro.com.ar\/sitio\/wp-json\/wp\/v2\/tags?post=106647"}],"curies":[{"name":"wp","href":"https:\/\/api.w.org\/{rel}","templated":true}]}}